{"id":400,"date":"2022-11-11T13:37:50","date_gmt":"2022-11-11T13:37:50","guid":{"rendered":"https:\/\/fr.belvilla.be\/blog\/?p=400"},"modified":"2023-08-28T21:35:30","modified_gmt":"2023-08-28T21:35:30","slug":"meilleurs-randonnees-suisse","status":"publish","type":"post","link":"https:\/\/fr.belvilla.be\/blog\/meilleurs-randonnees-suisse\/","title":{"rendered":"Les plus belles randonn\u00e9es \u00e0 faire en Suisse"},"content":{"rendered":"\n<p>Si vous \u00eates un amateur de plein air \u00e0 la recherche des meilleurs sentiers de randonn\u00e9e de Suisse, ne cherchez pas plus loin. Ce guide vous emm\u00e8nera \u00e0 la d\u00e9couverte de certains des plus beaux paysages du pays. Des prairies alpines immacul\u00e9es aux chutes d\u2019eau tonitruantes, il y en a pour tous les go\u00fbts en Helv\u00e9tie. Alors faites votre sac et pr\u00e9parez-vous \u00e0 explorer certains des plus beaux paysages d\u2019Europe !<\/p>\n\n\n\n<h2 class=\"wp-block-heading\">First de Grindelwald<\/h2>\n\n\n\n<figure class=\"wp-block-image\"><img decoding=\"async\" src=\"https:\/\/www.belvilla.fr\/blog\/wp-content\/uploads\/sites\/7\/2022\/08\/shutterstock_1874672041.jpg.webp\" alt=\"Le First de Grindelwald\" class=\"wp-image-658\" \/><figcaption class=\"wp-element-caption\">Le First de Grindelwald<\/figcaption><\/figure>\n\n\n\n<p>Le First de Grindelwald est l\u2019une des destinations de randonn\u00e9e les plus populaires de Suisse. Situ\u00e9 dans les Alpes bernoises, le First offre des vues imprenables sur les montagnes, les glaciers et les vall\u00e9es en contrebas. Il y a un certain nombre de sentiers diff\u00e9rents \u00e0 choisir, allant des promenades faciles aux randonn\u00e9es plus ardues. Quel que soit votre niveau de forme physique, il y a une randonn\u00e9e qui vous conviendra \u00e0 coup s\u00fbr.<\/p>\n\n\n\n<h2 class=\"wp-block-heading\">Glacier 3000<\/h2>\n\n\n\n<p>Pour ceux qui recherchent une randonn\u00e9e plus difficile, Glacier 3000 est la destination parfaite. Situ\u00e9e dans les Alpes suisses, cette montagne vous emm\u00e8nera \u00e0 une altitude de 3000 m\u00e8tres au-dessus du niveau de la mer. Les sentiers sont bien balis\u00e9s et relativement faciles \u00e0 suivre, mais il est tout de m\u00eame important d\u2019\u00eatre pr\u00e9par\u00e9(e) \u00e0 quelques sections raides.<\/p>\n\n\n\n<p>Avec plus de 75 kilom\u00e8tres de sentiers balis\u00e9s, chaque voyageur trouvera une randonn\u00e9e \u00e0 son go\u00fbt \u00e0 Glacier 3000. Les 9 diff\u00e9rentes randonn\u00e9es vous offriront des vues imprenables sur les lacs et les endroits gel\u00e9s, mais les plus aventureux pourront \u00e9galement profiter de 3 Via Ferrata dans certaines des randonn\u00e9es disponibles.<\/p>\n\n\n\n<h2 class=\"wp-block-heading\">Le lac des Quatre-Cantons<\/h2>\n\n\n\n<p>Pour ceux qui veulent profiter de paysages \u00e9poustouflants sans trop d\u2019efforts, le lac des Quatre-Cantons est la destination id\u00e9ale. Il existe un certain nombre de sentiers diff\u00e9rents qui serpentent autour du lac, offrant des vues \u00e0 couper le souffle sur l\u2019eau et les montagnes environnantes. Les sentiers sont bien balis\u00e9s et relativement plats, ce qui les rend parfaits pour les familles ou ceux qui recherchent une randonn\u00e9e facile.<\/p>\n\n\n\n<p>Alors qu\u2019attendez-vous ? Sortez et explorez quelques-unes des plus belles randonn\u00e9es de Suisse ! Vous ne serez pas d\u00e9\u00e7u.<\/p>\n\n\n\n<p><a href=\"https:\/\/fr.belvilla.be\/search\/?filters%5Bcountry_id%5D=193&amp;searchType=COUNTRY\">Chalets \u00e0 louer en Suisse<\/a><\/p>\n\n\n\n<h2 class=\"wp-block-heading\">Le Vitznauerstock<\/h2>\n\n\n\n<figure class=\"wp-block-image\"><img decoding=\"async\" src=\"https:\/\/www.belvilla.fr\/blog\/wp-content\/uploads\/sites\/7\/2022\/08\/shutterstock_1400602199.jpg.webp\" alt=\"Le lac de Lucerne\" class=\"wp-image-659\" \/><figcaption class=\"wp-element-caption\">Le lac de Lucerne<\/figcaption><\/figure>\n\n\n\n<p>Le sentier Vitznauerstock est l\u2019un des sentiers de randonn\u00e9e les plus populaires du lac de Lucerne, en Suisse. Le d\u00e9part du sentier est situ\u00e9 au pied de la majestueuse montagne Vitznauerstock, et le sentier lui-m\u00eame serpente \u00e0 travers une for\u00eat dense avant d\u2019\u00e9merger sur une magnifique prairie alpine. De l\u00e0, les randonneurs peuvent profiter d\u2019une vue imprenable sur le lac de Lucerne et les montagnes environnantes. Le sentier Vitznauerstock est un excellent choix pour les randonneurs de tous niveaux d\u2019exp\u00e9rience et il vous fournira une exp\u00e9rience de randonn\u00e9e inoubliable.<\/p>\n\n\n\n<p>Depuis le sommet, les randonneurs b\u00e9n\u00e9ficient d\u2019une vue imprenable sur le lac des Quatre-Cantons et les montagnes environnantes. Le sentier Vitznauerstock est une randonn\u00e9e mod\u00e9r\u00e9e et il faut g\u00e9n\u00e9ralement environ 6 heures pour faire l\u2019aller-retour.<\/p>\n\n\n\n<h2 class=\"wp-block-heading\">Sentier panoramique du Mont Rigi<\/h2>\n\n\n\n<p>Si vous recherchez un sentier facile et assez plat, le sentier panoramique du Mont Rigi est le choix id\u00e9al pour vous. Ce sentier panoramique bien connu part du sommet du Rigi Kulm, \u00e0 la gare. Vous pourrez facilement suivre ce sentier bien balis\u00e9, fait de terre et de graviers, sur une distance totale de 7 kilom\u00e8tres.<\/p>\n\n\n\n<h2 class=\"wp-block-heading\">Parc Ela<\/h2>\n\n\n\n<figure class=\"wp-block-image\"><img decoding=\"async\" src=\"https:\/\/www.belvilla.fr\/blog\/wp-content\/uploads\/sites\/7\/2022\/08\/shutterstock_1073160353.jpg.webp\" alt=\"Une journ\u00e9e d'hiver au Parc Ela\" class=\"wp-image-660\" \/><figcaption class=\"wp-element-caption\">Une journ\u00e9e d\u2019hiver au Parc Ela<\/figcaption><\/figure>\n\n\n\n<p>Le Parc Ela est une grande r\u00e9serve naturelle en Suisse qui abrite une grande vari\u00e9t\u00e9 de vie v\u00e9g\u00e9tale et animale. Le parc est situ\u00e9 dans le canton des Grisons, et il couvre une superficie de pr\u00e8s de 550 kilom\u00e8tres carr\u00e9s. Le Parc Ela abrite plusieurs esp\u00e8ces de mammif\u00e8res. Le parc compte \u00e9galement une grande population d\u2019oiseaux.<\/p>\n\n\n\n<p>Outre la richesse de sa faune et de sa flore, le Parc Ela propose \u00e9galement un certain nombre de sentiers de randonn\u00e9e pittoresques qui serpentent \u00e0 travers ses for\u00eats et ses prairies. Les visiteurs peuvent \u00e9galement profiter des vues sur les Alpes depuis les nombreux points de vue du parc. Le Parc Ela est un \u00e9l\u00e9ment important du patrimoine naturel de la Suisse, et il constitue un havre de paix pour les humains comme pour la faune.<\/p>\n\n\n\n<p>Nous vous recommandons de commencer par le sentier H\u00e4ngebr\u00fccke Val Meltger qui passe par le pont suspendu traversant les gorges de Val Meltger. Il s\u2019agit d\u2019une randonn\u00e9e facile qui vous fera franchir une \u00e9l\u00e9vation totale de pr\u00e8s de 400 m\u00e8tres.<\/p>\n\n\n\n<h2 class=\"wp-block-heading\">Le sentier de l\u2019Eiger<\/h2>\n\n\n\n<p>Il s\u2019agit d\u2019une grande randonn\u00e9e qui vous permettra de profiter des paysages \u00e9poustouflants des Alpes suisses, au cours d\u2019une descente. Les vues spectaculaires sur les montagnes Eiger, M\u00f6nch et Jungfrau feront de cette randonn\u00e9e une exp\u00e9rience inoubliable. Le sentier part de la station du glacier de l\u2019Eiger et descend vers Alpiglen.<\/p>\n\n\n\n<p>L\u2019Eiger Trail est une randonn\u00e9e mod\u00e9r\u00e9e, et il faut g\u00e9n\u00e9ralement environ 3 heures pour parcourir la distance. Du d\u00e9but \u00e0 la fin, le sentier couvre une distance de 7,25 kilom\u00e8tres.<\/p>\n\n\n\n<p>Les Alpes suisses abritent certains des plus beaux sentiers de randonn\u00e9e du monde. Avec un tel choix de sentiers diff\u00e9rents, il y aura forc\u00e9ment une randonn\u00e9e parfaite pour vous. Que vous recherchiez une randonn\u00e9e simple d\u2019une journ\u00e9e ou une randonn\u00e9e difficile sur plusieurs jours, vous la trouverez en Suisse \u00e0 tous les coups.<\/p>\n","protected":false},"excerpt":{"rendered":"<p>Si vous \u00eates un amateur de plein air \u00e0 la recherche des meilleurs sentiers de randonn\u00e9e de Suisse, ne cherchez&hellip;<\/p>\n","protected":false},"author":9,"featured_media":404,"comment_status":"open","ping_status":"open","sticky":false,"template":"","format":"standard","meta":{"footnotes":""},"categories":[23],"tags":[],"location":[],"class_list":["post-400","post","type-post","status-publish","format-standard","has-post-thumbnail","hentry","category-activities"],"acf":[],"yoast_head":"<!-- This site is optimized with the Yoast SEO plugin v27.4 - https:\/\/yoast.com\/product\/yoast-seo-wordpress\/ -->\n<title>Les plus belles randonn\u00e9es \u00e0 faire en Suisse<\/title>\n<meta name=\"robots\" content=\"index, follow, max-snippet:-1, max-image-preview:large, max-video-preview:-1\" \/>\n<link rel=\"canonical\" href=\"https:\/\/fr.belvilla.be\/blog\/meilleurs-randonnees-suisse\/\" \/>\n<meta property=\"og:locale\" content=\"fr_FR\" \/>\n<meta property=\"og:type\" content=\"article\" \/>\n<meta property=\"og:title\" content=\"Les plus belles randonn\u00e9es \u00e0 faire en Suisse\" \/>\n<meta property=\"og:description\" content=\"Si vous \u00eates un amateur de plein air \u00e0 la recherche des meilleurs sentiers de randonn\u00e9e de Suisse, ne cherchez&hellip;\" \/>\n<meta property=\"og:url\" content=\"https:\/\/fr.belvilla.be\/blog\/meilleurs-randonnees-suisse\/\" \/>\n<meta property=\"og:site_name\" content=\"Belvilla Blog BEFR\" \/>\n<meta property=\"article:published_time\" content=\"2022-11-11T13:37:50+00:00\" \/>\n<meta property=\"article:modified_time\" content=\"2023-08-28T21:35:30+00:00\" \/>\n<meta property=\"og:image\" content=\"https:\/\/fr.belvilla.be\/blog\/wp-content\/uploads\/sites\/2\/2022\/11\/Les-plus-belles-randonnees.webp\" \/>\n\t<meta property=\"og:image:width\" content=\"1500\" \/>\n\t<meta property=\"og:image:height\" content=\"1060\" \/>\n\t<meta property=\"og:image:type\" content=\"image\/webp\" \/>\n<meta name=\"author\" content=\"Laxmi Pujari\" \/>\n<meta name=\"twitter:card\" content=\"summary_large_image\" \/>\n<meta name=\"twitter:label1\" content=\"\u00c9crit par\" \/>\n\t<meta name=\"twitter:data1\" content=\"Laxmi Pujari\" \/>\n\t<meta name=\"twitter:label2\" content=\"Dur\u00e9e de lecture est.\" \/>\n\t<meta name=\"twitter:data2\" content=\"6 minutes\" \/>\n<script type=\"application\/ld+json\" class=\"yoast-schema-graph\">{\"@context\":\"https:\\\/\\\/schema.org\",\"@graph\":[{\"@type\":\"Article\",\"@id\":\"https:\\\/\\\/fr.belvilla.be\\\/blog\\\/meilleurs-randonnees-suisse\\\/#article\",\"isPartOf\":{\"@id\":\"https:\\\/\\\/fr.belvilla.be\\\/blog\\\/meilleurs-randonnees-suisse\\\/\"},\"author\":{\"name\":\"Laxmi Pujari\",\"@id\":\"https:\\\/\\\/fr.belvilla.be\\\/blog\\\/#\\\/schema\\\/person\\\/38dd467234e64254fdad57010404ef35\"},\"headline\":\"Les plus belles randonn\u00e9es \u00e0 faire en Suisse\",\"datePublished\":\"2022-11-11T13:37:50+00:00\",\"dateModified\":\"2023-08-28T21:35:30+00:00\",\"mainEntityOfPage\":{\"@id\":\"https:\\\/\\\/fr.belvilla.be\\\/blog\\\/meilleurs-randonnees-suisse\\\/\"},\"wordCount\":956,\"commentCount\":0,\"image\":{\"@id\":\"https:\\\/\\\/fr.belvilla.be\\\/blog\\\/meilleurs-randonnees-suisse\\\/#primaryimage\"},\"thumbnailUrl\":\"https:\\\/\\\/fr.belvilla.be\\\/blog\\\/wp-content\\\/uploads\\\/sites\\\/2\\\/2022\\\/11\\\/Les-plus-belles-randonnees.webp\",\"articleSection\":[\"Activities\"],\"inLanguage\":\"fr-BE\",\"potentialAction\":[{\"@type\":\"CommentAction\",\"name\":\"Comment\",\"target\":[\"https:\\\/\\\/fr.belvilla.be\\\/blog\\\/meilleurs-randonnees-suisse\\\/#respond\"]}]},{\"@type\":\"WebPage\",\"@id\":\"https:\\\/\\\/fr.belvilla.be\\\/blog\\\/meilleurs-randonnees-suisse\\\/\",\"url\":\"https:\\\/\\\/fr.belvilla.be\\\/blog\\\/meilleurs-randonnees-suisse\\\/\",\"name\":\"Les plus belles randonn\u00e9es \u00e0 faire en Suisse\",\"isPartOf\":{\"@id\":\"https:\\\/\\\/fr.belvilla.be\\\/blog\\\/#website\"},\"primaryImageOfPage\":{\"@id\":\"https:\\\/\\\/fr.belvilla.be\\\/blog\\\/meilleurs-randonnees-suisse\\\/#primaryimage\"},\"image\":{\"@id\":\"https:\\\/\\\/fr.belvilla.be\\\/blog\\\/meilleurs-randonnees-suisse\\\/#primaryimage\"},\"thumbnailUrl\":\"https:\\\/\\\/fr.belvilla.be\\\/blog\\\/wp-content\\\/uploads\\\/sites\\\/2\\\/2022\\\/11\\\/Les-plus-belles-randonnees.webp\",\"datePublished\":\"2022-11-11T13:37:50+00:00\",\"dateModified\":\"2023-08-28T21:35:30+00:00\",\"author\":{\"@id\":\"https:\\\/\\\/fr.belvilla.be\\\/blog\\\/#\\\/schema\\\/person\\\/38dd467234e64254fdad57010404ef35\"},\"breadcrumb\":{\"@id\":\"https:\\\/\\\/fr.belvilla.be\\\/blog\\\/meilleurs-randonnees-suisse\\\/#breadcrumb\"},\"inLanguage\":\"fr-BE\",\"potentialAction\":[{\"@type\":\"ReadAction\",\"target\":[\"https:\\\/\\\/fr.belvilla.be\\\/blog\\\/meilleurs-randonnees-suisse\\\/\"]}]},{\"@type\":\"ImageObject\",\"inLanguage\":\"fr-BE\",\"@id\":\"https:\\\/\\\/fr.belvilla.be\\\/blog\\\/meilleurs-randonnees-suisse\\\/#primaryimage\",\"url\":\"https:\\\/\\\/fr.belvilla.be\\\/blog\\\/wp-content\\\/uploads\\\/sites\\\/2\\\/2022\\\/11\\\/Les-plus-belles-randonnees.webp\",\"contentUrl\":\"https:\\\/\\\/fr.belvilla.be\\\/blog\\\/wp-content\\\/uploads\\\/sites\\\/2\\\/2022\\\/11\\\/Les-plus-belles-randonnees.webp\",\"width\":1500,\"height\":1060},{\"@type\":\"BreadcrumbList\",\"@id\":\"https:\\\/\\\/fr.belvilla.be\\\/blog\\\/meilleurs-randonnees-suisse\\\/#breadcrumb\",\"itemListElement\":[{\"@type\":\"ListItem\",\"position\":1,\"name\":\"Home\",\"item\":\"https:\\\/\\\/fr.belvilla.be\\\/blog\\\/\"},{\"@type\":\"ListItem\",\"position\":2,\"name\":\"Les plus belles randonn\u00e9es \u00e0 faire en Suisse\"}]},{\"@type\":\"WebSite\",\"@id\":\"https:\\\/\\\/fr.belvilla.be\\\/blog\\\/#website\",\"url\":\"https:\\\/\\\/fr.belvilla.be\\\/blog\\\/\",\"name\":\"Belvilla Blog BEFR\",\"description\":\"\",\"potentialAction\":[{\"@type\":\"SearchAction\",\"target\":{\"@type\":\"EntryPoint\",\"urlTemplate\":\"https:\\\/\\\/fr.belvilla.be\\\/blog\\\/?s={search_term_string}\"},\"query-input\":{\"@type\":\"PropertyValueSpecification\",\"valueRequired\":true,\"valueName\":\"search_term_string\"}}],\"inLanguage\":\"fr-BE\"},{\"@type\":\"Person\",\"@id\":\"https:\\\/\\\/fr.belvilla.be\\\/blog\\\/#\\\/schema\\\/person\\\/38dd467234e64254fdad57010404ef35\",\"name\":\"Laxmi Pujari\",\"image\":{\"@type\":\"ImageObject\",\"inLanguage\":\"fr-BE\",\"@id\":\"https:\\\/\\\/secure.gravatar.com\\\/avatar\\\/41a4d7e7236c379a31d6df59d9ae82678e141eb96c9437e6158cc1c26806cd52?s=96&d=mm&r=g\",\"url\":\"https:\\\/\\\/secure.gravatar.com\\\/avatar\\\/41a4d7e7236c379a31d6df59d9ae82678e141eb96c9437e6158cc1c26806cd52?s=96&d=mm&r=g\",\"contentUrl\":\"https:\\\/\\\/secure.gravatar.com\\\/avatar\\\/41a4d7e7236c379a31d6df59d9ae82678e141eb96c9437e6158cc1c26806cd52?s=96&d=mm&r=g\",\"caption\":\"Laxmi Pujari\"}}]}<\/script>\n<!-- \/ Yoast SEO plugin. -->","yoast_head_json":{"title":"Les plus belles randonn\u00e9es \u00e0 faire en Suisse","robots":{"index":"index","follow":"follow","max-snippet":"max-snippet:-1","max-image-preview":"max-image-preview:large","max-video-preview":"max-video-preview:-1"},"canonical":"https:\/\/fr.belvilla.be\/blog\/meilleurs-randonnees-suisse\/","og_locale":"fr_FR","og_type":"article","og_title":"Les plus belles randonn\u00e9es \u00e0 faire en Suisse","og_description":"Si vous \u00eates un amateur de plein air \u00e0 la recherche des meilleurs sentiers de randonn\u00e9e de Suisse, ne cherchez&hellip;","og_url":"https:\/\/fr.belvilla.be\/blog\/meilleurs-randonnees-suisse\/","og_site_name":"Belvilla Blog BEFR","article_published_time":"2022-11-11T13:37:50+00:00","article_modified_time":"2023-08-28T21:35:30+00:00","og_image":[{"width":1500,"height":1060,"url":"https:\/\/fr.belvilla.be\/blog\/wp-content\/uploads\/sites\/2\/2022\/11\/Les-plus-belles-randonnees.webp","type":"image\/webp"}],"author":"Laxmi Pujari","twitter_card":"summary_large_image","twitter_misc":{"\u00c9crit par":"Laxmi Pujari","Dur\u00e9e de lecture est.":"6 minutes"},"schema":{"@context":"https:\/\/schema.org","@graph":[{"@type":"Article","@id":"https:\/\/fr.belvilla.be\/blog\/meilleurs-randonnees-suisse\/#article","isPartOf":{"@id":"https:\/\/fr.belvilla.be\/blog\/meilleurs-randonnees-suisse\/"},"author":{"name":"Laxmi Pujari","@id":"https:\/\/fr.belvilla.be\/blog\/#\/schema\/person\/38dd467234e64254fdad57010404ef35"},"headline":"Les plus belles randonn\u00e9es \u00e0 faire en Suisse","datePublished":"2022-11-11T13:37:50+00:00","dateModified":"2023-08-28T21:35:30+00:00","mainEntityOfPage":{"@id":"https:\/\/fr.belvilla.be\/blog\/meilleurs-randonnees-suisse\/"},"wordCount":956,"commentCount":0,"image":{"@id":"https:\/\/fr.belvilla.be\/blog\/meilleurs-randonnees-suisse\/#primaryimage"},"thumbnailUrl":"https:\/\/fr.belvilla.be\/blog\/wp-content\/uploads\/sites\/2\/2022\/11\/Les-plus-belles-randonnees.webp","articleSection":["Activities"],"inLanguage":"fr-BE","potentialAction":[{"@type":"CommentAction","name":"Comment","target":["https:\/\/fr.belvilla.be\/blog\/meilleurs-randonnees-suisse\/#respond"]}]},{"@type":"WebPage","@id":"https:\/\/fr.belvilla.be\/blog\/meilleurs-randonnees-suisse\/","url":"https:\/\/fr.belvilla.be\/blog\/meilleurs-randonnees-suisse\/","name":"Les plus belles randonn\u00e9es \u00e0 faire en Suisse","isPartOf":{"@id":"https:\/\/fr.belvilla.be\/blog\/#website"},"primaryImageOfPage":{"@id":"https:\/\/fr.belvilla.be\/blog\/meilleurs-randonnees-suisse\/#primaryimage"},"image":{"@id":"https:\/\/fr.belvilla.be\/blog\/meilleurs-randonnees-suisse\/#primaryimage"},"thumbnailUrl":"https:\/\/fr.belvilla.be\/blog\/wp-content\/uploads\/sites\/2\/2022\/11\/Les-plus-belles-randonnees.webp","datePublished":"2022-11-11T13:37:50+00:00","dateModified":"2023-08-28T21:35:30+00:00","author":{"@id":"https:\/\/fr.belvilla.be\/blog\/#\/schema\/person\/38dd467234e64254fdad57010404ef35"},"breadcrumb":{"@id":"https:\/\/fr.belvilla.be\/blog\/meilleurs-randonnees-suisse\/#breadcrumb"},"inLanguage":"fr-BE","potentialAction":[{"@type":"ReadAction","target":["https:\/\/fr.belvilla.be\/blog\/meilleurs-randonnees-suisse\/"]}]},{"@type":"ImageObject","inLanguage":"fr-BE","@id":"https:\/\/fr.belvilla.be\/blog\/meilleurs-randonnees-suisse\/#primaryimage","url":"https:\/\/fr.belvilla.be\/blog\/wp-content\/uploads\/sites\/2\/2022\/11\/Les-plus-belles-randonnees.webp","contentUrl":"https:\/\/fr.belvilla.be\/blog\/wp-content\/uploads\/sites\/2\/2022\/11\/Les-plus-belles-randonnees.webp","width":1500,"height":1060},{"@type":"BreadcrumbList","@id":"https:\/\/fr.belvilla.be\/blog\/meilleurs-randonnees-suisse\/#breadcrumb","itemListElement":[{"@type":"ListItem","position":1,"name":"Home","item":"https:\/\/fr.belvilla.be\/blog\/"},{"@type":"ListItem","position":2,"name":"Les plus belles randonn\u00e9es \u00e0 faire en Suisse"}]},{"@type":"WebSite","@id":"https:\/\/fr.belvilla.be\/blog\/#website","url":"https:\/\/fr.belvilla.be\/blog\/","name":"Belvilla Blog BEFR","description":"","potentialAction":[{"@type":"SearchAction","target":{"@type":"EntryPoint","urlTemplate":"https:\/\/fr.belvilla.be\/blog\/?s={search_term_string}"},"query-input":{"@type":"PropertyValueSpecification","valueRequired":true,"valueName":"search_term_string"}}],"inLanguage":"fr-BE"},{"@type":"Person","@id":"https:\/\/fr.belvilla.be\/blog\/#\/schema\/person\/38dd467234e64254fdad57010404ef35","name":"Laxmi Pujari","image":{"@type":"ImageObject","inLanguage":"fr-BE","@id":"https:\/\/secure.gravatar.com\/avatar\/41a4d7e7236c379a31d6df59d9ae82678e141eb96c9437e6158cc1c26806cd52?s=96&d=mm&r=g","url":"https:\/\/secure.gravatar.com\/avatar\/41a4d7e7236c379a31d6df59d9ae82678e141eb96c9437e6158cc1c26806cd52?s=96&d=mm&r=g","contentUrl":"https:\/\/secure.gravatar.com\/avatar\/41a4d7e7236c379a31d6df59d9ae82678e141eb96c9437e6158cc1c26806cd52?s=96&d=mm&r=g","caption":"Laxmi Pujari"}}]}},"_links":{"self":[{"href":"https:\/\/fr.belvilla.be\/blog\/wp-json\/wp\/v2\/posts\/400","targetHints":{"allow":["GET"]}}],"collection":[{"href":"https:\/\/fr.belvilla.be\/blog\/wp-json\/wp\/v2\/posts"}],"about":[{"href":"https:\/\/fr.belvilla.be\/blog\/wp-json\/wp\/v2\/types\/post"}],"author":[{"embeddable":true,"href":"https:\/\/fr.belvilla.be\/blog\/wp-json\/wp\/v2\/users\/9"}],"replies":[{"embeddable":true,"href":"https:\/\/fr.belvilla.be\/blog\/wp-json\/wp\/v2\/comments?post=400"}],"version-history":[{"count":6,"href":"https:\/\/fr.belvilla.be\/blog\/wp-json\/wp\/v2\/posts\/400\/revisions"}],"predecessor-version":[{"id":587,"href":"https:\/\/fr.belvilla.be\/blog\/wp-json\/wp\/v2\/posts\/400\/revisions\/587"}],"wp:featuredmedia":[{"embeddable":true,"href":"https:\/\/fr.belvilla.be\/blog\/wp-json\/wp\/v2\/media\/404"}],"wp:attachment":[{"href":"https:\/\/fr.belvilla.be\/blog\/wp-json\/wp\/v2\/media?parent=400"}],"wp:term":[{"taxonomy":"category","embeddable":true,"href":"https:\/\/fr.belvilla.be\/blog\/wp-json\/wp\/v2\/categories?post=400"},{"taxonomy":"post_tag","embeddable":true,"href":"https:\/\/fr.belvilla.be\/blog\/wp-json\/wp\/v2\/tags?post=400"},{"taxonomy":"location","embeddable":true,"href":"https:\/\/fr.belvilla.be\/blog\/wp-json\/wp\/v2\/location?post=400"}],"curies":[{"name":"wp","href":"https:\/\/api.w.org\/{rel}","templated":true}]}}