{"id":349,"date":"2022-10-31T12:37:21","date_gmt":"2022-10-31T12:37:21","guid":{"rendered":"https:\/\/fr.belvilla.be\/blog\/?p=349"},"modified":"2023-08-28T21:35:44","modified_gmt":"2023-08-28T21:35:44","slug":"sentiers-randonnee-crete","status":"publish","type":"post","link":"https:\/\/fr.belvilla.be\/blog\/sentiers-randonnee-crete\/","title":{"rendered":"Vacances randonn\u00e9es en Cr\u00e8te : Un guide des meilleurs sentiers"},"content":{"rendered":"\n<p>Vous \u00eates \u00e0 la recherche d\u2019une escapade qui combine une beaut\u00e9 naturelle \u00e9poustouflante et l\u2019occasion de faire de l\u2019exercice ? La Cr\u00e8te est la destination id\u00e9ale pour des vacances plac\u00e9es sous le signe de la randonn\u00e9e ! Cette \u00eele grecque abrite des dizaines de sentiers qui serpentent dans les montagnes et offrent des vues inoubliables sur la mer. Que vous soyez un d\u00e9butant ou un randonneur aguerri, la Cr\u00e8te offre des itin\u00e9raires pour tous les niveaux. Dans cet article, nous vous pr\u00e9senterons quelques-uns des meilleurs sentiers de randonn\u00e9e de l\u2019\u00eele et vous donnerons des conseils pour profiter au maximum de vos vacances.<\/p>\n\n\n\n<h2 class=\"wp-block-heading\">Les meilleurs sentiers de randonn\u00e9e en Cr\u00e8te<\/h2>\n\n\n\n<h3 class=\"wp-block-heading\">Gorge de Samaria<\/h3>\n\n\n\n<p>La gorge de Samaria est l\u2019un des sentiers de randonn\u00e9e les plus populaires de Cr\u00e8te. Ce sentier est long de 16 kilom\u00e8tres et la dur\u00e9e moyenne du parcours est d\u2019environ 6 heures. Le sentier est g\u00e9n\u00e9ralement consid\u00e9r\u00e9 comme mod\u00e9r\u00e9ment difficile, mais les efforts sont r\u00e9compens\u00e9s par les vues imprenables qu\u2019il offre sur les montagnes et la mer. Les gorges de Samaria sont \u00e9galement une zone tr\u00e8s populaire pour l\u2019observation des oiseaux, vous pourrez donc peut-\u00eatre voir des oiseaux rares pendant votre randonn\u00e9e. Les chiens sont les bienvenus sur le sentier, mais ils doivent \u00eatre tenus en laisse \u00e0 tout moment.<\/p>\n\n\n\n<p>Avec un d\u00e9nivel\u00e9 total de 1200 m\u00e8tres, vous pourrez profiter de nombreuses sources d\u2019eau le long du chemin pour rester hydrat\u00e9. Cependant, ces gorges sont assez c\u00e9l\u00e8bres, alors attendez-vous \u00e0 voir beaucoup de monde ! Enfin, notez que ce sentier est ouvert de mai \u00e0 octobre.<\/p>\n\n\n\n<h3 class=\"wp-block-heading\">Le mont Dikti<\/h3>\n\n\n\n<p>Pour ceux qui recherchent une randonn\u00e9e plus difficile, le mont Dikti est le plus haut sommet de Cr\u00e8te et offre des vues panoramiques de l\u2019\u00eele. Le sentier menant au sommet est long d\u2019environ 10 kilom\u00e8tres et peut \u00eatre \u00e9prouvant, mais le panorama une fois le sommet atteint vous fera vite oublier les efforts fournis. Le sentier est ouvert toute l\u2019ann\u00e9e, mais il peut \u00eatre dangereux en hiver \u00e0 cause de la neige et de la glace. Les chiens ne sont pas autoris\u00e9s sur ce sentier.<\/p>\n\n\n\n<figure class=\"wp-block-image\"><img decoding=\"async\" src=\"https:\/\/www.belvilla.fr\/blog\/wp-content\/uploads\/sites\/7\/2022\/06\/shutterstock_2098778626.jpg.webp\" alt=\"Vue sur la montagne de Dikti, Cr\u00e8te\" class=\"wp-image-414\" \/><figcaption>Vue sur la montagne de Dikti, Cr\u00e8te<\/figcaption><\/figure>\n\n\n\n<h3 class=\"wp-block-heading\">Gorge d\u2019Agia Irini<\/h3>\n\n\n\n<p>La gorge d\u2019Agia Irini est un sentier populaire pour la randonn\u00e9e p\u00e9destre, le camping et la marche. Les meilleures p\u00e9riodes pour visiter ce sentier sont de mars \u00e0 novembre. G\u00e9n\u00e9ralement consid\u00e9r\u00e9 comme un parcours mod\u00e9r\u00e9ment difficile, il faut en moyenne cinq heures pour le parcourir. C\u2019est une excellente occasion de profiter d\u2019un peu de solitude aux heures les plus calmes de la journ\u00e9e.<\/p>\n\n\n\n<h3 class=\"wp-block-heading\">Chemin de randonn\u00e9e europ\u00e9en E4<\/h3>\n\n\n\n<p>L\u2019E4 European Walking Path est un itin\u00e9raire de randonn\u00e9e qui commence \u00e0 Tarifa en Espagne et serpente \u00e0 travers l\u2019Europe jusqu\u2019\u00e0 Chypre. Sa longueur totale est de 10 450 kilom\u00e8tres et il passe par la Cr\u00e8te.<\/p>\n\n\n\n<p>La section du sentier qui traverse la Cr\u00e8te fait environ 320 kilom\u00e8tres de long. Ce sentier est parfait pour ceux qui cherchent \u00e0 vraiment explorer l\u2019\u00eele, car il vous emm\u00e8ne dans certaines des parties les plus isol\u00e9es et les plus belles de Cr\u00e8te. Le sentier est ouvert toute l\u2019ann\u00e9e, mais sachez que certaines sections peuvent \u00eatre impraticables en hiver \u00e0 cause de la neige.<\/p>\n\n\n\n<p>Il commence \u00e0 l\u2019ouest de l\u2019\u00eele, \u00e0 Kastelli-Kissamos, et serpente \u00e0 travers les montagnes jusqu\u2019\u00e0 la c\u00f4te est. Le sentier suit ensuite le littoral jusqu\u2019\u00e0 Ayia Napa \u00e0 Chypre.<\/p>\n\n\n\n<figure class=\"wp-block-image\"><img decoding=\"async\" src=\"https:\/\/www.belvilla.fr\/blog\/wp-content\/uploads\/sites\/7\/2022\/06\/shutterstock_2073681023.jpg.webp\" alt=\"La Gorge de Samaria en Cr\u00e8te\" class=\"wp-image-415\" \/><figcaption>La Gorge de Samaria en Cr\u00e8te<\/figcaption><\/figure>\n\n\n\n<h2 class=\"wp-block-heading\">Conseils pour profiter au maximum de vos vacances en Cr\u00e8te<\/h2>\n\n\n\n<h3 class=\"wp-block-heading\">Commencez t\u00f4t<\/h3>\n\n\n\n<p>La Cr\u00e8te est r\u00e9put\u00e9e pour sa chaleur, il est donc pr\u00e9f\u00e9rable de commencer votre randonn\u00e9e t\u00f4t dans la journ\u00e9e pour \u00e9viter le soleil de midi.<\/p>\n\n\n\n<h3 class=\"wp-block-heading\">Apportez beaucoup d\u2019eau<\/h3>\n\n\n\n<p>Assurez-vous d\u2019apporter suffisamment d\u2019eau pour vous-m\u00eame et pour les membres de votre famille ou vos amis qui vous accompagnent en randonn\u00e9e. Il n\u2019y a pas de fontaines \u00e0 eau sur certains sentiers, il est donc important de venir pr\u00e9par\u00e9.<\/p>\n\n\n\n<h3 class=\"wp-block-heading\">Portez de la cr\u00e8me solaire<\/h3>\n\n\n\n<p>En plus d\u2019\u00eatre chaude, la Cr\u00e8te est \u00e9galement tr\u00e8s ensoleill\u00e9e. Veillez \u00e0 porter de la cr\u00e8me solaire, m\u00eame si la journ\u00e9e n\u2019est pas particuli\u00e8rement ensoleill\u00e9e.<\/p>\n\n\n\n<h3 class=\"wp-block-heading\">Marchez en groupe<\/h3>\n\n\n\n<p>Il est toujours pr\u00e9f\u00e9rable de marcher en groupe, surtout si vous randonnez dans des zones recul\u00e9es. Cela vous aidera \u00e0 rester en s\u00e9curit\u00e9 et \u00e0 vous amuser davantage.<\/p>\n\n\n\n<figure class=\"wp-block-image\"><img decoding=\"async\" src=\"https:\/\/www.belvilla.fr\/blog\/wp-content\/uploads\/sites\/7\/2022\/06\/shutterstock_664546042.jpg.webp\" alt=\"Une randonn\u00e9e en groupe\" class=\"wp-image-416\" \/><figcaption>Une randonn\u00e9e en groupe<\/figcaption><\/figure>\n\n\n\n<h3 class=\"wp-block-heading\">Ayez un plan de secours<\/h3>\n\n\n\n<p>Si vous pr\u00e9voyez de randonner pendant plusieurs jours, assurez-vous d\u2019avoir un plan de secours au cas o\u00f9 le temps se g\u00e2te ou si vous vous blessez.<\/p>\n\n\n\n<h3 class=\"wp-block-heading\">Portez des chaussures confortables<\/h3>\n\n\n\n<p>Cela va sans dire, mais il est important de porter des chaussures confortables que vous aurez rod\u00e9es avant votre randonn\u00e9e. Il n\u2019y a rien de pire que des ampoules lors d\u2019une longue randonn\u00e9e.<\/p>\n\n\n\n<h3 class=\"wp-block-heading\">Amusez-vous<\/h3>\n\n\n\n<p>Les randonn\u00e9es sont cens\u00e9es \u00eatre agr\u00e9ables, alors prenez le temps d\u2019appr\u00e9cier les vues magnifiques et de profiter de la compagnie de vos compagnons de randonn\u00e9e. Avec ces conseils, vous \u00eates certain de passer un bon moment lors de vos prochaines vacances de randonn\u00e9e en Cr\u00e8te.<\/p>\n","protected":false},"excerpt":{"rendered":"<p>Vous \u00eates \u00e0 la recherche d\u2019une escapade qui combine une beaut\u00e9 naturelle \u00e9poustouflante et l\u2019occasion de faire de l\u2019exercice ?&hellip;<\/p>\n","protected":false},"author":9,"featured_media":357,"comment_status":"open","ping_status":"open","sticky":false,"template":"","format":"standard","meta":{"footnotes":""},"categories":[23],"tags":[],"location":[],"class_list":["post-349","post","type-post","status-publish","format-standard","has-post-thumbnail","hentry","category-activities"],"acf":[],"yoast_head":"<!-- This site is optimized with the Yoast SEO plugin v27.4 - https:\/\/yoast.com\/product\/yoast-seo-wordpress\/ -->\n<title>Vacances randonn\u00e9es en Cr\u00e8te : Un guide des meilleurs sentiers<\/title>\n<meta name=\"description\" content=\"Vous \u00eates \u00e0 la recherche d\u2019une escapade qui combine une beaut\u00e9 naturelle \u00e9poustouflante et l\u2019occasion de faire de l\u2019exercice ? La Cr\u00e8te est la destination id\u00e9ale pour des vacances plac\u00e9es sous le signe de la randonn\u00e9e !\" \/>\n<meta name=\"robots\" content=\"index, follow, max-snippet:-1, max-image-preview:large, max-video-preview:-1\" \/>\n<link rel=\"canonical\" href=\"https:\/\/fr.belvilla.be\/blog\/sentiers-randonnee-crete\/\" \/>\n<meta property=\"og:locale\" content=\"fr_FR\" \/>\n<meta property=\"og:type\" content=\"article\" \/>\n<meta property=\"og:title\" content=\"Vacances randonn\u00e9es en Cr\u00e8te : Un guide des meilleurs sentiers\" \/>\n<meta property=\"og:description\" content=\"Vous \u00eates \u00e0 la recherche d\u2019une escapade qui combine une beaut\u00e9 naturelle \u00e9poustouflante et l\u2019occasion de faire de l\u2019exercice ? La Cr\u00e8te est la destination id\u00e9ale pour des vacances plac\u00e9es sous le signe de la randonn\u00e9e !\" \/>\n<meta property=\"og:url\" content=\"https:\/\/fr.belvilla.be\/blog\/sentiers-randonnee-crete\/\" \/>\n<meta property=\"og:site_name\" content=\"Belvilla Blog BEFR\" \/>\n<meta property=\"article:published_time\" content=\"2022-10-31T12:37:21+00:00\" \/>\n<meta property=\"article:modified_time\" content=\"2023-08-28T21:35:44+00:00\" \/>\n<meta property=\"og:image\" content=\"https:\/\/fr.belvilla.be\/blog\/wp-content\/uploads\/sites\/2\/2022\/10\/Un-guide-des-meilleurs-sentiers.webp\" \/>\n\t<meta property=\"og:image:width\" content=\"1500\" \/>\n\t<meta property=\"og:image:height\" content=\"1060\" \/>\n\t<meta property=\"og:image:type\" content=\"image\/webp\" \/>\n<meta name=\"author\" content=\"Laxmi Pujari\" \/>\n<meta name=\"twitter:card\" content=\"summary_large_image\" \/>\n<meta name=\"twitter:label1\" content=\"\u00c9crit par\" \/>\n\t<meta name=\"twitter:data1\" content=\"Laxmi Pujari\" \/>\n\t<meta name=\"twitter:label2\" content=\"Dur\u00e9e de lecture est.\" \/>\n\t<meta name=\"twitter:data2\" content=\"5 minutes\" \/>\n<script type=\"application\/ld+json\" class=\"yoast-schema-graph\">{\"@context\":\"https:\\\/\\\/schema.org\",\"@graph\":[{\"@type\":\"Article\",\"@id\":\"https:\\\/\\\/fr.belvilla.be\\\/blog\\\/sentiers-randonnee-crete\\\/#article\",\"isPartOf\":{\"@id\":\"https:\\\/\\\/fr.belvilla.be\\\/blog\\\/sentiers-randonnee-crete\\\/\"},\"author\":{\"name\":\"Laxmi Pujari\",\"@id\":\"https:\\\/\\\/fr.belvilla.be\\\/blog\\\/#\\\/schema\\\/person\\\/38dd467234e64254fdad57010404ef35\"},\"headline\":\"Vacances randonn\u00e9es en Cr\u00e8te : Un guide des meilleurs sentiers\",\"datePublished\":\"2022-10-31T12:37:21+00:00\",\"dateModified\":\"2023-08-28T21:35:44+00:00\",\"mainEntityOfPage\":{\"@id\":\"https:\\\/\\\/fr.belvilla.be\\\/blog\\\/sentiers-randonnee-crete\\\/\"},\"wordCount\":929,\"commentCount\":0,\"image\":{\"@id\":\"https:\\\/\\\/fr.belvilla.be\\\/blog\\\/sentiers-randonnee-crete\\\/#primaryimage\"},\"thumbnailUrl\":\"https:\\\/\\\/fr.belvilla.be\\\/blog\\\/wp-content\\\/uploads\\\/sites\\\/2\\\/2022\\\/10\\\/Un-guide-des-meilleurs-sentiers.webp\",\"articleSection\":[\"Activities\"],\"inLanguage\":\"fr-BE\",\"potentialAction\":[{\"@type\":\"CommentAction\",\"name\":\"Comment\",\"target\":[\"https:\\\/\\\/fr.belvilla.be\\\/blog\\\/sentiers-randonnee-crete\\\/#respond\"]}]},{\"@type\":\"WebPage\",\"@id\":\"https:\\\/\\\/fr.belvilla.be\\\/blog\\\/sentiers-randonnee-crete\\\/\",\"url\":\"https:\\\/\\\/fr.belvilla.be\\\/blog\\\/sentiers-randonnee-crete\\\/\",\"name\":\"Vacances randonn\u00e9es en Cr\u00e8te : Un guide des meilleurs sentiers\",\"isPartOf\":{\"@id\":\"https:\\\/\\\/fr.belvilla.be\\\/blog\\\/#website\"},\"primaryImageOfPage\":{\"@id\":\"https:\\\/\\\/fr.belvilla.be\\\/blog\\\/sentiers-randonnee-crete\\\/#primaryimage\"},\"image\":{\"@id\":\"https:\\\/\\\/fr.belvilla.be\\\/blog\\\/sentiers-randonnee-crete\\\/#primaryimage\"},\"thumbnailUrl\":\"https:\\\/\\\/fr.belvilla.be\\\/blog\\\/wp-content\\\/uploads\\\/sites\\\/2\\\/2022\\\/10\\\/Un-guide-des-meilleurs-sentiers.webp\",\"datePublished\":\"2022-10-31T12:37:21+00:00\",\"dateModified\":\"2023-08-28T21:35:44+00:00\",\"author\":{\"@id\":\"https:\\\/\\\/fr.belvilla.be\\\/blog\\\/#\\\/schema\\\/person\\\/38dd467234e64254fdad57010404ef35\"},\"description\":\"Vous \u00eates \u00e0 la recherche d\u2019une escapade qui combine une beaut\u00e9 naturelle \u00e9poustouflante et l\u2019occasion de faire de l\u2019exercice ? La Cr\u00e8te est la destination id\u00e9ale pour des vacances plac\u00e9es sous le signe de la randonn\u00e9e !\",\"breadcrumb\":{\"@id\":\"https:\\\/\\\/fr.belvilla.be\\\/blog\\\/sentiers-randonnee-crete\\\/#breadcrumb\"},\"inLanguage\":\"fr-BE\",\"potentialAction\":[{\"@type\":\"ReadAction\",\"target\":[\"https:\\\/\\\/fr.belvilla.be\\\/blog\\\/sentiers-randonnee-crete\\\/\"]}]},{\"@type\":\"ImageObject\",\"inLanguage\":\"fr-BE\",\"@id\":\"https:\\\/\\\/fr.belvilla.be\\\/blog\\\/sentiers-randonnee-crete\\\/#primaryimage\",\"url\":\"https:\\\/\\\/fr.belvilla.be\\\/blog\\\/wp-content\\\/uploads\\\/sites\\\/2\\\/2022\\\/10\\\/Un-guide-des-meilleurs-sentiers.webp\",\"contentUrl\":\"https:\\\/\\\/fr.belvilla.be\\\/blog\\\/wp-content\\\/uploads\\\/sites\\\/2\\\/2022\\\/10\\\/Un-guide-des-meilleurs-sentiers.webp\",\"width\":1500,\"height\":1060},{\"@type\":\"BreadcrumbList\",\"@id\":\"https:\\\/\\\/fr.belvilla.be\\\/blog\\\/sentiers-randonnee-crete\\\/#breadcrumb\",\"itemListElement\":[{\"@type\":\"ListItem\",\"position\":1,\"name\":\"Home\",\"item\":\"https:\\\/\\\/fr.belvilla.be\\\/blog\\\/\"},{\"@type\":\"ListItem\",\"position\":2,\"name\":\"Vacances randonn\u00e9es en Cr\u00e8te : Un guide des meilleurs sentiers\"}]},{\"@type\":\"WebSite\",\"@id\":\"https:\\\/\\\/fr.belvilla.be\\\/blog\\\/#website\",\"url\":\"https:\\\/\\\/fr.belvilla.be\\\/blog\\\/\",\"name\":\"Belvilla Blog BEFR\",\"description\":\"\",\"potentialAction\":[{\"@type\":\"SearchAction\",\"target\":{\"@type\":\"EntryPoint\",\"urlTemplate\":\"https:\\\/\\\/fr.belvilla.be\\\/blog\\\/?s={search_term_string}\"},\"query-input\":{\"@type\":\"PropertyValueSpecification\",\"valueRequired\":true,\"valueName\":\"search_term_string\"}}],\"inLanguage\":\"fr-BE\"},{\"@type\":\"Person\",\"@id\":\"https:\\\/\\\/fr.belvilla.be\\\/blog\\\/#\\\/schema\\\/person\\\/38dd467234e64254fdad57010404ef35\",\"name\":\"Laxmi Pujari\",\"image\":{\"@type\":\"ImageObject\",\"inLanguage\":\"fr-BE\",\"@id\":\"https:\\\/\\\/secure.gravatar.com\\\/avatar\\\/41a4d7e7236c379a31d6df59d9ae82678e141eb96c9437e6158cc1c26806cd52?s=96&d=mm&r=g\",\"url\":\"https:\\\/\\\/secure.gravatar.com\\\/avatar\\\/41a4d7e7236c379a31d6df59d9ae82678e141eb96c9437e6158cc1c26806cd52?s=96&d=mm&r=g\",\"contentUrl\":\"https:\\\/\\\/secure.gravatar.com\\\/avatar\\\/41a4d7e7236c379a31d6df59d9ae82678e141eb96c9437e6158cc1c26806cd52?s=96&d=mm&r=g\",\"caption\":\"Laxmi Pujari\"}}]}<\/script>\n<!-- \/ Yoast SEO plugin. -->","yoast_head_json":{"title":"Vacances randonn\u00e9es en Cr\u00e8te : Un guide des meilleurs sentiers","description":"Vous \u00eates \u00e0 la recherche d\u2019une escapade qui combine une beaut\u00e9 naturelle \u00e9poustouflante et l\u2019occasion de faire de l\u2019exercice ? La Cr\u00e8te est la destination id\u00e9ale pour des vacances plac\u00e9es sous le signe de la randonn\u00e9e !","robots":{"index":"index","follow":"follow","max-snippet":"max-snippet:-1","max-image-preview":"max-image-preview:large","max-video-preview":"max-video-preview:-1"},"canonical":"https:\/\/fr.belvilla.be\/blog\/sentiers-randonnee-crete\/","og_locale":"fr_FR","og_type":"article","og_title":"Vacances randonn\u00e9es en Cr\u00e8te : Un guide des meilleurs sentiers","og_description":"Vous \u00eates \u00e0 la recherche d\u2019une escapade qui combine une beaut\u00e9 naturelle \u00e9poustouflante et l\u2019occasion de faire de l\u2019exercice ? La Cr\u00e8te est la destination id\u00e9ale pour des vacances plac\u00e9es sous le signe de la randonn\u00e9e !","og_url":"https:\/\/fr.belvilla.be\/blog\/sentiers-randonnee-crete\/","og_site_name":"Belvilla Blog BEFR","article_published_time":"2022-10-31T12:37:21+00:00","article_modified_time":"2023-08-28T21:35:44+00:00","og_image":[{"width":1500,"height":1060,"url":"https:\/\/fr.belvilla.be\/blog\/wp-content\/uploads\/sites\/2\/2022\/10\/Un-guide-des-meilleurs-sentiers.webp","type":"image\/webp"}],"author":"Laxmi Pujari","twitter_card":"summary_large_image","twitter_misc":{"\u00c9crit par":"Laxmi Pujari","Dur\u00e9e de lecture est.":"5 minutes"},"schema":{"@context":"https:\/\/schema.org","@graph":[{"@type":"Article","@id":"https:\/\/fr.belvilla.be\/blog\/sentiers-randonnee-crete\/#article","isPartOf":{"@id":"https:\/\/fr.belvilla.be\/blog\/sentiers-randonnee-crete\/"},"author":{"name":"Laxmi Pujari","@id":"https:\/\/fr.belvilla.be\/blog\/#\/schema\/person\/38dd467234e64254fdad57010404ef35"},"headline":"Vacances randonn\u00e9es en Cr\u00e8te : Un guide des meilleurs sentiers","datePublished":"2022-10-31T12:37:21+00:00","dateModified":"2023-08-28T21:35:44+00:00","mainEntityOfPage":{"@id":"https:\/\/fr.belvilla.be\/blog\/sentiers-randonnee-crete\/"},"wordCount":929,"commentCount":0,"image":{"@id":"https:\/\/fr.belvilla.be\/blog\/sentiers-randonnee-crete\/#primaryimage"},"thumbnailUrl":"https:\/\/fr.belvilla.be\/blog\/wp-content\/uploads\/sites\/2\/2022\/10\/Un-guide-des-meilleurs-sentiers.webp","articleSection":["Activities"],"inLanguage":"fr-BE","potentialAction":[{"@type":"CommentAction","name":"Comment","target":["https:\/\/fr.belvilla.be\/blog\/sentiers-randonnee-crete\/#respond"]}]},{"@type":"WebPage","@id":"https:\/\/fr.belvilla.be\/blog\/sentiers-randonnee-crete\/","url":"https:\/\/fr.belvilla.be\/blog\/sentiers-randonnee-crete\/","name":"Vacances randonn\u00e9es en Cr\u00e8te : Un guide des meilleurs sentiers","isPartOf":{"@id":"https:\/\/fr.belvilla.be\/blog\/#website"},"primaryImageOfPage":{"@id":"https:\/\/fr.belvilla.be\/blog\/sentiers-randonnee-crete\/#primaryimage"},"image":{"@id":"https:\/\/fr.belvilla.be\/blog\/sentiers-randonnee-crete\/#primaryimage"},"thumbnailUrl":"https:\/\/fr.belvilla.be\/blog\/wp-content\/uploads\/sites\/2\/2022\/10\/Un-guide-des-meilleurs-sentiers.webp","datePublished":"2022-10-31T12:37:21+00:00","dateModified":"2023-08-28T21:35:44+00:00","author":{"@id":"https:\/\/fr.belvilla.be\/blog\/#\/schema\/person\/38dd467234e64254fdad57010404ef35"},"description":"Vous \u00eates \u00e0 la recherche d\u2019une escapade qui combine une beaut\u00e9 naturelle \u00e9poustouflante et l\u2019occasion de faire de l\u2019exercice ? La Cr\u00e8te est la destination id\u00e9ale pour des vacances plac\u00e9es sous le signe de la randonn\u00e9e !","breadcrumb":{"@id":"https:\/\/fr.belvilla.be\/blog\/sentiers-randonnee-crete\/#breadcrumb"},"inLanguage":"fr-BE","potentialAction":[{"@type":"ReadAction","target":["https:\/\/fr.belvilla.be\/blog\/sentiers-randonnee-crete\/"]}]},{"@type":"ImageObject","inLanguage":"fr-BE","@id":"https:\/\/fr.belvilla.be\/blog\/sentiers-randonnee-crete\/#primaryimage","url":"https:\/\/fr.belvilla.be\/blog\/wp-content\/uploads\/sites\/2\/2022\/10\/Un-guide-des-meilleurs-sentiers.webp","contentUrl":"https:\/\/fr.belvilla.be\/blog\/wp-content\/uploads\/sites\/2\/2022\/10\/Un-guide-des-meilleurs-sentiers.webp","width":1500,"height":1060},{"@type":"BreadcrumbList","@id":"https:\/\/fr.belvilla.be\/blog\/sentiers-randonnee-crete\/#breadcrumb","itemListElement":[{"@type":"ListItem","position":1,"name":"Home","item":"https:\/\/fr.belvilla.be\/blog\/"},{"@type":"ListItem","position":2,"name":"Vacances randonn\u00e9es en Cr\u00e8te : Un guide des meilleurs sentiers"}]},{"@type":"WebSite","@id":"https:\/\/fr.belvilla.be\/blog\/#website","url":"https:\/\/fr.belvilla.be\/blog\/","name":"Belvilla Blog BEFR","description":"","potentialAction":[{"@type":"SearchAction","target":{"@type":"EntryPoint","urlTemplate":"https:\/\/fr.belvilla.be\/blog\/?s={search_term_string}"},"query-input":{"@type":"PropertyValueSpecification","valueRequired":true,"valueName":"search_term_string"}}],"inLanguage":"fr-BE"},{"@type":"Person","@id":"https:\/\/fr.belvilla.be\/blog\/#\/schema\/person\/38dd467234e64254fdad57010404ef35","name":"Laxmi Pujari","image":{"@type":"ImageObject","inLanguage":"fr-BE","@id":"https:\/\/secure.gravatar.com\/avatar\/41a4d7e7236c379a31d6df59d9ae82678e141eb96c9437e6158cc1c26806cd52?s=96&d=mm&r=g","url":"https:\/\/secure.gravatar.com\/avatar\/41a4d7e7236c379a31d6df59d9ae82678e141eb96c9437e6158cc1c26806cd52?s=96&d=mm&r=g","contentUrl":"https:\/\/secure.gravatar.com\/avatar\/41a4d7e7236c379a31d6df59d9ae82678e141eb96c9437e6158cc1c26806cd52?s=96&d=mm&r=g","caption":"Laxmi Pujari"}}]}},"_links":{"self":[{"href":"https:\/\/fr.belvilla.be\/blog\/wp-json\/wp\/v2\/posts\/349","targetHints":{"allow":["GET"]}}],"collection":[{"href":"https:\/\/fr.belvilla.be\/blog\/wp-json\/wp\/v2\/posts"}],"about":[{"href":"https:\/\/fr.belvilla.be\/blog\/wp-json\/wp\/v2\/types\/post"}],"author":[{"embeddable":true,"href":"https:\/\/fr.belvilla.be\/blog\/wp-json\/wp\/v2\/users\/9"}],"replies":[{"embeddable":true,"href":"https:\/\/fr.belvilla.be\/blog\/wp-json\/wp\/v2\/comments?post=349"}],"version-history":[{"count":5,"href":"https:\/\/fr.belvilla.be\/blog\/wp-json\/wp\/v2\/posts\/349\/revisions"}],"predecessor-version":[{"id":590,"href":"https:\/\/fr.belvilla.be\/blog\/wp-json\/wp\/v2\/posts\/349\/revisions\/590"}],"wp:featuredmedia":[{"embeddable":true,"href":"https:\/\/fr.belvilla.be\/blog\/wp-json\/wp\/v2\/media\/357"}],"wp:attachment":[{"href":"https:\/\/fr.belvilla.be\/blog\/wp-json\/wp\/v2\/media?parent=349"}],"wp:term":[{"taxonomy":"category","embeddable":true,"href":"https:\/\/fr.belvilla.be\/blog\/wp-json\/wp\/v2\/categories?post=349"},{"taxonomy":"post_tag","embeddable":true,"href":"https:\/\/fr.belvilla.be\/blog\/wp-json\/wp\/v2\/tags?post=349"},{"taxonomy":"location","embeddable":true,"href":"https:\/\/fr.belvilla.be\/blog\/wp-json\/wp\/v2\/location?post=349"}],"curies":[{"name":"wp","href":"https:\/\/api.w.org\/{rel}","templated":true}]}}