{"id":332,"date":"2022-10-31T12:26:29","date_gmt":"2022-10-31T12:26:29","guid":{"rendered":"https:\/\/fr.belvilla.be\/blog\/?p=332"},"modified":"2023-08-28T21:35:52","modified_gmt":"2023-08-28T21:35:52","slug":"monasteres-meteores-grece","status":"publish","type":"post","link":"https:\/\/fr.belvilla.be\/blog\/monasteres-meteores-grece\/","title":{"rendered":"D\u00e9couvrir les monast\u00e8res des M\u00e9t\u00e9ores en Gr\u00e8ce"},"content":{"rendered":"\n<p>Au c\u0153ur de la Gr\u00e8ce, il y a une s\u00e9rie de monast\u00e8res, construits au 11\u00e8me si\u00e8cle, qui se trouvent au sommet de crat\u00e8res de m\u00e9t\u00e9orites. Ces monast\u00e8res sont connus sous le nom de \u00ab&nbsp;monast\u00e8res des m\u00e9t\u00e9ores&nbsp;\u00bb et sont une destination touristique populaire pour ceux qui souhaitent d\u00e9couvrir une architecture \u00e9tonnante et des vues \u00e9poustouflantes. Si vous \u00eates \u00e0 la recherche d\u2019une destination de voyage insolite, alors venez d\u00e9couvrir les monast\u00e8res des M\u00e9t\u00e9ores !<\/p>\n\n\n\n<h2 class=\"wp-block-heading\">Que sont les Monast\u00e8res des M\u00e9t\u00e9ores en Gr\u00e8ce et quelle est leur histoire ?<\/h2>\n\n\n\n<p>Au d\u00e9but, la falaise de M\u00e9t\u00e9ora a commenc\u00e9 \u00e0 \u00eatre utilis\u00e9e entre le 9\u00e8me et le 10\u00e8me si\u00e8cle par des moines chr\u00e9tiens orthodoxes qui cherchaient un endroit pour s\u2019isoler du monde. Ces moines vivaient dans des grottes situ\u00e9es sur la falaise et d\u00e9pendaient fortement des dons des habitants pour survivre. Les habitants consid\u00e9raient ces moines comme des hommes saints venus s\u2019installer dans la r\u00e9gion, et ils pensaient que les moines des M\u00e9t\u00e9ores \u00e9taient dignes de leurs dons.<\/p>\n\n\n\n<p>Les monast\u00e8res M\u00e9t\u00e9ores ont \u00e9t\u00e9 construits au 11e si\u00e8cle, et ils n\u2019ont jamais cess\u00e9 d\u2019exister depuis. Aux alentours du 12e si\u00e8cle, une communaut\u00e9 monastique plus organis\u00e9e a \u00e9t\u00e9 \u00e9tablie \u00e0 M\u00e9t\u00e9ore par un moine nomm\u00e9 Nilos. Le point focal de cette premi\u00e8re communaut\u00e9 monastique organis\u00e9e est devenu la chapelle de Doupiani, qui se dresse encore aujourd\u2019hui sous la falaise du m\u00eame nom, du c\u00f4t\u00e9 nord-ouest du village de Kastraki.<\/p>\n\n\n\n<p>Le 14e si\u00e8cle a vu l\u2019essor du monast\u00e8re Le Grand<strong>&nbsp;<\/strong>M\u00e9t\u00e9ore, ou monast\u00e8re de la Transfiguration, qui a \u00e9t\u00e9 fond\u00e9 par Athanasios Kozavelas. Il est rapidement devenu l\u2019une des plus importantes communaut\u00e9s monastiques de l\u2019\u00c9glise orthodoxe, la deuxi\u00e8me apr\u00e8s Athos. Au 16e si\u00e8cle, il y avait un total de 24 monast\u00e8res diff\u00e9rents dispers\u00e9s sur le site de M\u00e9t\u00e9ore.<\/p>\n\n\n\n<p>Aujourd\u2019hui, six des monast\u00e8res originaux de M\u00e9t\u00e9ora sont toujours debout et sont ouverts aux visiteurs. Ces six monast\u00e8res sont :<\/p>\n\n\n\n<ul class=\"wp-block-list\"><li>Le Grand M\u00e9t\u00e9ore : Le plus ancien et le plus grand des monast\u00e8res M\u00e9t\u00e9ores, fond\u00e9 au 14\u00e8me si\u00e8cle.<\/li><li>Le Monast\u00e8re de Varlaam : Un grand monast\u00e8re avec trois \u00e9glises, fond\u00e9 au 14e si\u00e8cle.<\/li><li>Le monast\u00e8re de Rousanou : Un petit monast\u00e8re connu pour ses vues imprenables, fond\u00e9 au 14\u00e8me si\u00e8cle.<\/li><li>Le monast\u00e8re d\u2019Agios Stefanos : Un petit monast\u00e8re avec un beau jardin, fond\u00e9 au 13\u00e8me si\u00e8cle.<\/li><li>Le monast\u00e8re d\u2019Agia Triada : Un petit monast\u00e8re isol\u00e9, fond\u00e9 au 14\u00e8me si\u00e8cle.<\/li><li>Le Saint Monast\u00e8re de Saint Nicolas d\u2019Anapafsas : C\u2019est le premier monast\u00e8re que vous rencontrerez sur votre chemin vers les M\u00e9t\u00e9ores.<\/li><\/ul>\n\n\n\n<figure class=\"wp-block-image\"><img decoding=\"async\" src=\"https:\/\/www.belvilla.fr\/blog\/wp-content\/uploads\/sites\/7\/2022\/06\/shutterstock_213006586.jpg.webp\" alt=\"Photo du monast\u00e8re d'Agia Triada\" class=\"wp-image-367\" \/><figcaption>Photo du monast\u00e8re d\u2019Agia Triada<\/figcaption><\/figure>\n\n\n\n<h2 class=\"wp-block-heading\">Comment ont-ils \u00e9t\u00e9 construits et pourquoi sont-ils si uniques ?<\/h2>\n\n\n\n<p>Les monast\u00e8res des M\u00e9t\u00e9ores ont \u00e9t\u00e9 construits par les moines qui vivaient dans les grottes, et ils sont uniques car ils sont situ\u00e9s au sommet de crat\u00e8res de m\u00e9t\u00e9orites. Les moines ont utilis\u00e9 les crat\u00e8res de m\u00e9t\u00e9orites comme fondation pour leurs monast\u00e8res, et ils les ont construits en utilisant une vari\u00e9t\u00e9 de mat\u00e9riaux. Le mat\u00e9riau le plus commun\u00e9ment utilis\u00e9 dans la construction de ces monast\u00e8res \u00e9tait la pierre, et les moines utilisaient des pierres de diff\u00e9rentes tailles pour cr\u00e9er une fondation solide.<\/p>\n\n\n\n<p>Les monast\u00e8res des M\u00e9t\u00e9ores sont \u00e9galement uniques car ils font partie des plus anciens monast\u00e8res de Gr\u00e8ce. Ils sont encore utilis\u00e9s aujourd\u2019hui par les moines, et ils sont une destination touristique populaire qui offre des vues \u00e0 couper le souffle.<\/p>\n\n\n\n<h2 class=\"wp-block-heading\">\u00c0 quoi les visiteurs peuvent-ils s\u2019attendre lorsqu\u2019ils visitent ces monast\u00e8res ?<\/h2>\n\n\n\n<p>Lorsque vous visitez les monast\u00e8res des M\u00e9t\u00e9ores, vous pourrez voir une vari\u00e9t\u00e9 de b\u00e2timents diff\u00e9rents. Le b\u00e2timent le plus remarquable est l\u2019\u00e9glise, qui est le principal centre de culte des moines. Les \u00e9glises sont g\u00e9n\u00e9ralement d\u00e9cor\u00e9es d\u2019une vari\u00e9t\u00e9 d\u2019iconographies chr\u00e9tiennes orthodoxes, et elles sont un spectacle \u00e0 ne louper sous aucun pr\u00e9texte ! Vous pourrez \u00e9galement voir les quartiers d\u2019habitation des monast\u00e8res, qui sont g\u00e9n\u00e9ralement tr\u00e8s simples et peu meubl\u00e9s.<\/p>\n\n\n\n<p>Les monast\u00e8res des M\u00e9t\u00e9ores offrent des vues imprenables sur les environs et constituent un endroit id\u00e9al pour profiter de la paix et du calme de la nature. Si vous cherchez un endroit pour vous \u00e9loigner de l\u2019agitation de la vie urbaine, les monast\u00e8res des M\u00e9t\u00e9ores valent vraiment le d\u00e9tour.<\/p>\n\n\n\n<figure class=\"wp-block-image\"><img decoding=\"async\" src=\"https:\/\/www.belvilla.fr\/blog\/wp-content\/uploads\/sites\/7\/2022\/06\/shutterstock_1188108907.jpg.webp\" alt=\"Vue des monast\u00e8res des M\u00e9t\u00e9ores en Gr\u00e8ce\" class=\"wp-image-368\" \/><figcaption>Vue des monast\u00e8res des M\u00e9t\u00e9ores en Gr\u00e8ce<\/figcaption><\/figure>\n\n\n\n<h2 class=\"wp-block-heading\">Y a-t-il d\u2019autres sites int\u00e9ressants \u00e0 voir dans les environs des Monast\u00e8res des M\u00e9t\u00e9ores ?<\/h2>\n\n\n\n<p>En plus des Monast\u00e8res des M\u00e9t\u00e9ores, il y a un certain nombre d\u2019autres sites int\u00e9ressants \u00e0 voir dans la r\u00e9gion. L\u2019une des destinations touristiques les plus populaires est la ville de Kalambaka, qui est situ\u00e9e \u00e0 la base des m\u00e9t\u00e9ores. Kalambaka abrite une vari\u00e9t\u00e9 de diff\u00e9rents restaurants et caf\u00e9s, ainsi qu\u2019un certain nombre de magasins.<\/p>\n\n\n\n<p>Une autre destination touristique populaire est la ville de Trikala, qui se trouve \u00e0 une courte distance de Kalambaka. Trikala abrite un certain nombre de sites historiques diff\u00e9rents, ainsi qu\u2019une vari\u00e9t\u00e9 de magasins et de caf\u00e9s. Si vous cherchez un endroit o\u00f9 s\u00e9journer pendant que vous visitez les monast\u00e8res des M\u00e9t\u00e9ores, alors Trikala est une excellente option.<\/p>\n\n\n\n<p>Si Trikala est connue pour \u00eatre une ville favorable aux v\u00e9los, vous pourrez \u00e9galement profiter de monuments et de mus\u00e9es tels que le Kastro, un ch\u00e2teau construit par l\u2019empereur byzantin Justin 1er au VIe si\u00e8cle, la Tour de l\u2019horloge, la mosqu\u00e9e Kursum ou le mus\u00e9e Tsitsanis, d\u00e9di\u00e9 \u00e0 Vasilis Tsitsanis, un c\u00e9l\u00e8bre musicien grec.<\/p>\n\n\n\n<p>La ville de Karditsa est \u00e9galement situ\u00e9e pr\u00e8s des monast\u00e8res des M\u00e9t\u00e9ores et est connue pour son architecture traditionnelle. Karditsa abrite un certain nombre d\u2019\u00e9glises et de mus\u00e9es.<\/p>\n\n\n\n<figure class=\"wp-block-image\"><img decoding=\"async\" src=\"https:\/\/www.belvilla.fr\/blog\/wp-content\/uploads\/sites\/7\/2022\/06\/shutterstock_2131977737.jpg.webp\" alt=\"La ville de Trikala en Gr\u00e8ce\" class=\"wp-image-369\" \/><figcaption>La ville de Trikala en Gr\u00e8ce<\/figcaption><\/figure>\n\n\n\n<h2 class=\"wp-block-heading\">Comment se rendre aux monast\u00e8res et quels sont les meilleurs moments pour les visiter ?<\/h2>\n\n\n\n<p>Lorsque vous planifiez votre visite, gardez \u00e0 l\u2019esprit que les monast\u00e8res des M\u00e9t\u00e9ores sont situ\u00e9s dans une r\u00e9gion recul\u00e9e. La meilleure fa\u00e7on de s\u2019y rendre est en voiture, et il est recommand\u00e9 d\u2019utiliser un syst\u00e8me de navigation GPS. Il y a quelques petits villages situ\u00e9s pr\u00e8s des Monast\u00e8res des M\u00e9t\u00e9ores, mais ils n\u2019ont pas beaucoup de commodit\u00e9s. Il est conseill\u00e9 d\u2019apporter tout ce dont vous avez besoin lorsque vous visitez les M\u00e9t\u00e9ores.<\/p>\n\n\n\n<p>Les Monast\u00e8res des M\u00e9t\u00e9ores sont ouverts aux visiteurs d\u2019avril \u00e0 octobre. La meilleure p\u00e9riode pour les visiter est le printemps ou l\u2019automne, lorsque le temps est plus doux. Si vous pr\u00e9voyez de visiter pendant les mois d\u2019\u00e9t\u00e9, assurez-vous d\u2019apporter beaucoup d\u2019eau et de cr\u00e8me solaire, car il peut faire tr\u00e8s chaud. Il y a un petit droit d\u2019entr\u00e9e pour visiter les Monast\u00e8res des M\u00e9t\u00e9ores, et vous devrez acheter un ticket pour pouvoir entrer.<\/p>\n\n\n\n<p>Lorsque vous visitez les Monast\u00e8res des M\u00e9t\u00e9ores, vous \u00eates s\u00fbr de vivre une exp\u00e9rience unique et m\u00e9morable. Ces monast\u00e8res sont un bel exemple d\u2019ing\u00e9niosit\u00e9 et de pers\u00e9v\u00e9rance humaines, et ils offrent aux visiteurs un aper\u00e7u de la vie des moines qui y vivent. Si vous cherchez un endroit pour vous \u00e9loigner de tout et profiter de la beaut\u00e9 de la nature, alors les Monast\u00e8res des M\u00e9t\u00e9ores valent vraiment le d\u00e9tour.<\/p>\n","protected":false},"excerpt":{"rendered":"<p>Au c\u0153ur de la Gr\u00e8ce, il y a une s\u00e9rie de monast\u00e8res, construits au 11\u00e8me si\u00e8cle, qui se trouvent au&hellip;<\/p>\n","protected":false},"author":9,"featured_media":336,"comment_status":"open","ping_status":"open","sticky":false,"template":"","format":"standard","meta":{"footnotes":""},"categories":[19],"tags":[],"location":[],"class_list":["post-332","post","type-post","status-publish","format-standard","has-post-thumbnail","hentry","category-discovery"],"acf":[],"yoast_head":"<!-- This site is optimized with the Yoast SEO plugin v27.4 - https:\/\/yoast.com\/product\/yoast-seo-wordpress\/ -->\n<title>D\u00e9couvrir les monast\u00e8res des M\u00e9t\u00e9ores en Gr\u00e8ce<\/title>\n<meta name=\"description\" content=\"Au c\u0153ur de la Gr\u00e8ce, il y a une s\u00e9rie de monast\u00e8res, construits au 11\u00e8me si\u00e8cle, qui se trouvent au sommet de crat\u00e8res de m\u00e9t\u00e9orites. Ces monast\u00e8res sont connus sous le nom de\" \/>\n<meta name=\"robots\" content=\"index, follow, max-snippet:-1, max-image-preview:large, max-video-preview:-1\" \/>\n<link rel=\"canonical\" href=\"https:\/\/fr.belvilla.be\/blog\/monasteres-meteores-grece\/\" \/>\n<meta property=\"og:locale\" content=\"fr_FR\" \/>\n<meta property=\"og:type\" content=\"article\" \/>\n<meta property=\"og:title\" content=\"D\u00e9couvrir les monast\u00e8res des M\u00e9t\u00e9ores en Gr\u00e8ce\" \/>\n<meta property=\"og:description\" content=\"Au c\u0153ur de la Gr\u00e8ce, il y a une s\u00e9rie de monast\u00e8res, construits au 11\u00e8me si\u00e8cle, qui se trouvent au sommet de crat\u00e8res de m\u00e9t\u00e9orites. Ces monast\u00e8res sont connus sous le nom de\" \/>\n<meta property=\"og:url\" content=\"https:\/\/fr.belvilla.be\/blog\/monasteres-meteores-grece\/\" \/>\n<meta property=\"og:site_name\" content=\"Belvilla Blog BEFR\" \/>\n<meta property=\"article:published_time\" content=\"2022-10-31T12:26:29+00:00\" \/>\n<meta property=\"article:modified_time\" content=\"2023-08-28T21:35:52+00:00\" \/>\n<meta property=\"og:image\" content=\"https:\/\/fr.belvilla.be\/blog\/wp-content\/uploads\/sites\/2\/2022\/10\/Meteores-en-Grece.webp\" \/>\n\t<meta property=\"og:image:width\" content=\"1500\" \/>\n\t<meta property=\"og:image:height\" content=\"1060\" \/>\n\t<meta property=\"og:image:type\" content=\"image\/webp\" \/>\n<meta name=\"author\" content=\"Laxmi Pujari\" \/>\n<meta name=\"twitter:card\" content=\"summary_large_image\" \/>\n<meta name=\"twitter:label1\" content=\"\u00c9crit par\" \/>\n\t<meta name=\"twitter:data1\" content=\"Laxmi Pujari\" \/>\n\t<meta name=\"twitter:label2\" content=\"Dur\u00e9e de lecture est.\" \/>\n\t<meta name=\"twitter:data2\" content=\"7 minutes\" \/>\n<script type=\"application\/ld+json\" class=\"yoast-schema-graph\">{\"@context\":\"https:\\\/\\\/schema.org\",\"@graph\":[{\"@type\":\"Article\",\"@id\":\"https:\\\/\\\/fr.belvilla.be\\\/blog\\\/monasteres-meteores-grece\\\/#article\",\"isPartOf\":{\"@id\":\"https:\\\/\\\/fr.belvilla.be\\\/blog\\\/monasteres-meteores-grece\\\/\"},\"author\":{\"name\":\"Laxmi Pujari\",\"@id\":\"https:\\\/\\\/fr.belvilla.be\\\/blog\\\/#\\\/schema\\\/person\\\/38dd467234e64254fdad57010404ef35\"},\"headline\":\"D\u00e9couvrir les monast\u00e8res des M\u00e9t\u00e9ores en Gr\u00e8ce\",\"datePublished\":\"2022-10-31T12:26:29+00:00\",\"dateModified\":\"2023-08-28T21:35:52+00:00\",\"mainEntityOfPage\":{\"@id\":\"https:\\\/\\\/fr.belvilla.be\\\/blog\\\/monasteres-meteores-grece\\\/\"},\"wordCount\":1383,\"commentCount\":0,\"image\":{\"@id\":\"https:\\\/\\\/fr.belvilla.be\\\/blog\\\/monasteres-meteores-grece\\\/#primaryimage\"},\"thumbnailUrl\":\"https:\\\/\\\/fr.belvilla.be\\\/blog\\\/wp-content\\\/uploads\\\/sites\\\/2\\\/2022\\\/10\\\/Meteores-en-Grece.webp\",\"articleSection\":[\"Discovery\"],\"inLanguage\":\"fr-BE\",\"potentialAction\":[{\"@type\":\"CommentAction\",\"name\":\"Comment\",\"target\":[\"https:\\\/\\\/fr.belvilla.be\\\/blog\\\/monasteres-meteores-grece\\\/#respond\"]}]},{\"@type\":\"WebPage\",\"@id\":\"https:\\\/\\\/fr.belvilla.be\\\/blog\\\/monasteres-meteores-grece\\\/\",\"url\":\"https:\\\/\\\/fr.belvilla.be\\\/blog\\\/monasteres-meteores-grece\\\/\",\"name\":\"D\u00e9couvrir les monast\u00e8res des M\u00e9t\u00e9ores en Gr\u00e8ce\",\"isPartOf\":{\"@id\":\"https:\\\/\\\/fr.belvilla.be\\\/blog\\\/#website\"},\"primaryImageOfPage\":{\"@id\":\"https:\\\/\\\/fr.belvilla.be\\\/blog\\\/monasteres-meteores-grece\\\/#primaryimage\"},\"image\":{\"@id\":\"https:\\\/\\\/fr.belvilla.be\\\/blog\\\/monasteres-meteores-grece\\\/#primaryimage\"},\"thumbnailUrl\":\"https:\\\/\\\/fr.belvilla.be\\\/blog\\\/wp-content\\\/uploads\\\/sites\\\/2\\\/2022\\\/10\\\/Meteores-en-Grece.webp\",\"datePublished\":\"2022-10-31T12:26:29+00:00\",\"dateModified\":\"2023-08-28T21:35:52+00:00\",\"author\":{\"@id\":\"https:\\\/\\\/fr.belvilla.be\\\/blog\\\/#\\\/schema\\\/person\\\/38dd467234e64254fdad57010404ef35\"},\"description\":\"Au c\u0153ur de la Gr\u00e8ce, il y a une s\u00e9rie de monast\u00e8res, construits au 11\u00e8me si\u00e8cle, qui se trouvent au sommet de crat\u00e8res de m\u00e9t\u00e9orites. Ces monast\u00e8res sont connus sous le nom de\",\"breadcrumb\":{\"@id\":\"https:\\\/\\\/fr.belvilla.be\\\/blog\\\/monasteres-meteores-grece\\\/#breadcrumb\"},\"inLanguage\":\"fr-BE\",\"potentialAction\":[{\"@type\":\"ReadAction\",\"target\":[\"https:\\\/\\\/fr.belvilla.be\\\/blog\\\/monasteres-meteores-grece\\\/\"]}]},{\"@type\":\"ImageObject\",\"inLanguage\":\"fr-BE\",\"@id\":\"https:\\\/\\\/fr.belvilla.be\\\/blog\\\/monasteres-meteores-grece\\\/#primaryimage\",\"url\":\"https:\\\/\\\/fr.belvilla.be\\\/blog\\\/wp-content\\\/uploads\\\/sites\\\/2\\\/2022\\\/10\\\/Meteores-en-Grece.webp\",\"contentUrl\":\"https:\\\/\\\/fr.belvilla.be\\\/blog\\\/wp-content\\\/uploads\\\/sites\\\/2\\\/2022\\\/10\\\/Meteores-en-Grece.webp\",\"width\":1500,\"height\":1060},{\"@type\":\"BreadcrumbList\",\"@id\":\"https:\\\/\\\/fr.belvilla.be\\\/blog\\\/monasteres-meteores-grece\\\/#breadcrumb\",\"itemListElement\":[{\"@type\":\"ListItem\",\"position\":1,\"name\":\"Home\",\"item\":\"https:\\\/\\\/fr.belvilla.be\\\/blog\\\/\"},{\"@type\":\"ListItem\",\"position\":2,\"name\":\"D\u00e9couvrir les monast\u00e8res des M\u00e9t\u00e9ores en Gr\u00e8ce\"}]},{\"@type\":\"WebSite\",\"@id\":\"https:\\\/\\\/fr.belvilla.be\\\/blog\\\/#website\",\"url\":\"https:\\\/\\\/fr.belvilla.be\\\/blog\\\/\",\"name\":\"Belvilla Blog BEFR\",\"description\":\"\",\"potentialAction\":[{\"@type\":\"SearchAction\",\"target\":{\"@type\":\"EntryPoint\",\"urlTemplate\":\"https:\\\/\\\/fr.belvilla.be\\\/blog\\\/?s={search_term_string}\"},\"query-input\":{\"@type\":\"PropertyValueSpecification\",\"valueRequired\":true,\"valueName\":\"search_term_string\"}}],\"inLanguage\":\"fr-BE\"},{\"@type\":\"Person\",\"@id\":\"https:\\\/\\\/fr.belvilla.be\\\/blog\\\/#\\\/schema\\\/person\\\/38dd467234e64254fdad57010404ef35\",\"name\":\"Laxmi Pujari\",\"image\":{\"@type\":\"ImageObject\",\"inLanguage\":\"fr-BE\",\"@id\":\"https:\\\/\\\/secure.gravatar.com\\\/avatar\\\/41a4d7e7236c379a31d6df59d9ae82678e141eb96c9437e6158cc1c26806cd52?s=96&d=mm&r=g\",\"url\":\"https:\\\/\\\/secure.gravatar.com\\\/avatar\\\/41a4d7e7236c379a31d6df59d9ae82678e141eb96c9437e6158cc1c26806cd52?s=96&d=mm&r=g\",\"contentUrl\":\"https:\\\/\\\/secure.gravatar.com\\\/avatar\\\/41a4d7e7236c379a31d6df59d9ae82678e141eb96c9437e6158cc1c26806cd52?s=96&d=mm&r=g\",\"caption\":\"Laxmi Pujari\"}}]}<\/script>\n<!-- \/ Yoast SEO plugin. -->","yoast_head_json":{"title":"D\u00e9couvrir les monast\u00e8res des M\u00e9t\u00e9ores en Gr\u00e8ce","description":"Au c\u0153ur de la Gr\u00e8ce, il y a une s\u00e9rie de monast\u00e8res, construits au 11\u00e8me si\u00e8cle, qui se trouvent au sommet de crat\u00e8res de m\u00e9t\u00e9orites. Ces monast\u00e8res sont connus sous le nom de","robots":{"index":"index","follow":"follow","max-snippet":"max-snippet:-1","max-image-preview":"max-image-preview:large","max-video-preview":"max-video-preview:-1"},"canonical":"https:\/\/fr.belvilla.be\/blog\/monasteres-meteores-grece\/","og_locale":"fr_FR","og_type":"article","og_title":"D\u00e9couvrir les monast\u00e8res des M\u00e9t\u00e9ores en Gr\u00e8ce","og_description":"Au c\u0153ur de la Gr\u00e8ce, il y a une s\u00e9rie de monast\u00e8res, construits au 11\u00e8me si\u00e8cle, qui se trouvent au sommet de crat\u00e8res de m\u00e9t\u00e9orites. Ces monast\u00e8res sont connus sous le nom de","og_url":"https:\/\/fr.belvilla.be\/blog\/monasteres-meteores-grece\/","og_site_name":"Belvilla Blog BEFR","article_published_time":"2022-10-31T12:26:29+00:00","article_modified_time":"2023-08-28T21:35:52+00:00","og_image":[{"width":1500,"height":1060,"url":"https:\/\/fr.belvilla.be\/blog\/wp-content\/uploads\/sites\/2\/2022\/10\/Meteores-en-Grece.webp","type":"image\/webp"}],"author":"Laxmi Pujari","twitter_card":"summary_large_image","twitter_misc":{"\u00c9crit par":"Laxmi Pujari","Dur\u00e9e de lecture est.":"7 minutes"},"schema":{"@context":"https:\/\/schema.org","@graph":[{"@type":"Article","@id":"https:\/\/fr.belvilla.be\/blog\/monasteres-meteores-grece\/#article","isPartOf":{"@id":"https:\/\/fr.belvilla.be\/blog\/monasteres-meteores-grece\/"},"author":{"name":"Laxmi Pujari","@id":"https:\/\/fr.belvilla.be\/blog\/#\/schema\/person\/38dd467234e64254fdad57010404ef35"},"headline":"D\u00e9couvrir les monast\u00e8res des M\u00e9t\u00e9ores en Gr\u00e8ce","datePublished":"2022-10-31T12:26:29+00:00","dateModified":"2023-08-28T21:35:52+00:00","mainEntityOfPage":{"@id":"https:\/\/fr.belvilla.be\/blog\/monasteres-meteores-grece\/"},"wordCount":1383,"commentCount":0,"image":{"@id":"https:\/\/fr.belvilla.be\/blog\/monasteres-meteores-grece\/#primaryimage"},"thumbnailUrl":"https:\/\/fr.belvilla.be\/blog\/wp-content\/uploads\/sites\/2\/2022\/10\/Meteores-en-Grece.webp","articleSection":["Discovery"],"inLanguage":"fr-BE","potentialAction":[{"@type":"CommentAction","name":"Comment","target":["https:\/\/fr.belvilla.be\/blog\/monasteres-meteores-grece\/#respond"]}]},{"@type":"WebPage","@id":"https:\/\/fr.belvilla.be\/blog\/monasteres-meteores-grece\/","url":"https:\/\/fr.belvilla.be\/blog\/monasteres-meteores-grece\/","name":"D\u00e9couvrir les monast\u00e8res des M\u00e9t\u00e9ores en Gr\u00e8ce","isPartOf":{"@id":"https:\/\/fr.belvilla.be\/blog\/#website"},"primaryImageOfPage":{"@id":"https:\/\/fr.belvilla.be\/blog\/monasteres-meteores-grece\/#primaryimage"},"image":{"@id":"https:\/\/fr.belvilla.be\/blog\/monasteres-meteores-grece\/#primaryimage"},"thumbnailUrl":"https:\/\/fr.belvilla.be\/blog\/wp-content\/uploads\/sites\/2\/2022\/10\/Meteores-en-Grece.webp","datePublished":"2022-10-31T12:26:29+00:00","dateModified":"2023-08-28T21:35:52+00:00","author":{"@id":"https:\/\/fr.belvilla.be\/blog\/#\/schema\/person\/38dd467234e64254fdad57010404ef35"},"description":"Au c\u0153ur de la Gr\u00e8ce, il y a une s\u00e9rie de monast\u00e8res, construits au 11\u00e8me si\u00e8cle, qui se trouvent au sommet de crat\u00e8res de m\u00e9t\u00e9orites. Ces monast\u00e8res sont connus sous le nom de","breadcrumb":{"@id":"https:\/\/fr.belvilla.be\/blog\/monasteres-meteores-grece\/#breadcrumb"},"inLanguage":"fr-BE","potentialAction":[{"@type":"ReadAction","target":["https:\/\/fr.belvilla.be\/blog\/monasteres-meteores-grece\/"]}]},{"@type":"ImageObject","inLanguage":"fr-BE","@id":"https:\/\/fr.belvilla.be\/blog\/monasteres-meteores-grece\/#primaryimage","url":"https:\/\/fr.belvilla.be\/blog\/wp-content\/uploads\/sites\/2\/2022\/10\/Meteores-en-Grece.webp","contentUrl":"https:\/\/fr.belvilla.be\/blog\/wp-content\/uploads\/sites\/2\/2022\/10\/Meteores-en-Grece.webp","width":1500,"height":1060},{"@type":"BreadcrumbList","@id":"https:\/\/fr.belvilla.be\/blog\/monasteres-meteores-grece\/#breadcrumb","itemListElement":[{"@type":"ListItem","position":1,"name":"Home","item":"https:\/\/fr.belvilla.be\/blog\/"},{"@type":"ListItem","position":2,"name":"D\u00e9couvrir les monast\u00e8res des M\u00e9t\u00e9ores en Gr\u00e8ce"}]},{"@type":"WebSite","@id":"https:\/\/fr.belvilla.be\/blog\/#website","url":"https:\/\/fr.belvilla.be\/blog\/","name":"Belvilla Blog BEFR","description":"","potentialAction":[{"@type":"SearchAction","target":{"@type":"EntryPoint","urlTemplate":"https:\/\/fr.belvilla.be\/blog\/?s={search_term_string}"},"query-input":{"@type":"PropertyValueSpecification","valueRequired":true,"valueName":"search_term_string"}}],"inLanguage":"fr-BE"},{"@type":"Person","@id":"https:\/\/fr.belvilla.be\/blog\/#\/schema\/person\/38dd467234e64254fdad57010404ef35","name":"Laxmi Pujari","image":{"@type":"ImageObject","inLanguage":"fr-BE","@id":"https:\/\/secure.gravatar.com\/avatar\/41a4d7e7236c379a31d6df59d9ae82678e141eb96c9437e6158cc1c26806cd52?s=96&d=mm&r=g","url":"https:\/\/secure.gravatar.com\/avatar\/41a4d7e7236c379a31d6df59d9ae82678e141eb96c9437e6158cc1c26806cd52?s=96&d=mm&r=g","contentUrl":"https:\/\/secure.gravatar.com\/avatar\/41a4d7e7236c379a31d6df59d9ae82678e141eb96c9437e6158cc1c26806cd52?s=96&d=mm&r=g","caption":"Laxmi Pujari"}}]}},"_links":{"self":[{"href":"https:\/\/fr.belvilla.be\/blog\/wp-json\/wp\/v2\/posts\/332","targetHints":{"allow":["GET"]}}],"collection":[{"href":"https:\/\/fr.belvilla.be\/blog\/wp-json\/wp\/v2\/posts"}],"about":[{"href":"https:\/\/fr.belvilla.be\/blog\/wp-json\/wp\/v2\/types\/post"}],"author":[{"embeddable":true,"href":"https:\/\/fr.belvilla.be\/blog\/wp-json\/wp\/v2\/users\/9"}],"replies":[{"embeddable":true,"href":"https:\/\/fr.belvilla.be\/blog\/wp-json\/wp\/v2\/comments?post=332"}],"version-history":[{"count":5,"href":"https:\/\/fr.belvilla.be\/blog\/wp-json\/wp\/v2\/posts\/332\/revisions"}],"predecessor-version":[{"id":593,"href":"https:\/\/fr.belvilla.be\/blog\/wp-json\/wp\/v2\/posts\/332\/revisions\/593"}],"wp:featuredmedia":[{"embeddable":true,"href":"https:\/\/fr.belvilla.be\/blog\/wp-json\/wp\/v2\/media\/336"}],"wp:attachment":[{"href":"https:\/\/fr.belvilla.be\/blog\/wp-json\/wp\/v2\/media?parent=332"}],"wp:term":[{"taxonomy":"category","embeddable":true,"href":"https:\/\/fr.belvilla.be\/blog\/wp-json\/wp\/v2\/categories?post=332"},{"taxonomy":"post_tag","embeddable":true,"href":"https:\/\/fr.belvilla.be\/blog\/wp-json\/wp\/v2\/tags?post=332"},{"taxonomy":"location","embeddable":true,"href":"https:\/\/fr.belvilla.be\/blog\/wp-json\/wp\/v2\/location?post=332"}],"curies":[{"name":"wp","href":"https:\/\/api.w.org\/{rel}","templated":true}]}}