{"id":322,"date":"2022-10-31T12:14:44","date_gmt":"2022-10-31T12:14:44","guid":{"rendered":"https:\/\/fr.belvilla.be\/blog\/?p=322"},"modified":"2023-08-28T21:35:59","modified_gmt":"2023-08-28T21:35:59","slug":"guide-vacances-catalogne","status":"publish","type":"post","link":"https:\/\/fr.belvilla.be\/blog\/guide-vacances-catalogne\/","title":{"rendered":"Que faire et que voir lors de vacances en Catalogne?"},"content":{"rendered":"\n<p>La Catalogne est une splendide r\u00e9gion du nord-est de l\u2019Espagne qui regorge de culture et d\u2019histoire. Si vous planifiez de visiter cette r\u00e9gion, assurez-vous de pr\u00e9parer au mieux votre voyage pour ne rien louper des meilleures activit\u00e9s et lieux incontournables qu\u2019offre la r\u00e9gion ! \u00c0 travers cet article, nous vous offrons un guide complet pour que vous passiez un s\u00e9jour inoubliable. Vous retrouverez des activit\u00e9s diverses et vari\u00e9es, pour satisfaire toutes les envies, que ce soit des sorties culturelles, gastronomiques ou sportives !<\/p>\n\n\n\n<h2 class=\"wp-block-heading\">D\u00e9couvrez l\u2019histoire et la culture de la Catalogne<\/h2>\n\n\n\n<p>La Catalogne a une histoire riche et fascinante, que vous pouvez d\u00e9couvrir en visitant certains des nombreux sites historiques de la r\u00e9gion. L\u2019un des endroits les plus importants pour apprendre la culture catalane est le Palau Nacional de Barcelone (le \u00ab&nbsp;Palais national&nbsp;\u00bb en catalan), qui abrite le Mus\u00e9e national d\u2019art catalan. Ce mus\u00e9e poss\u00e8de une impressionnante collection d\u2019\u0153uvres des artistes les plus c\u00e9l\u00e8bres de Catalogne ainsi qu\u2019une vaste collection d\u2019objets catalans, allant du Moyen \u00c2ge au d\u00e9but du XXe si\u00e8cle.<\/p>\n\n\n\n<p>Si vous souhaitez en savoir plus sur le pass\u00e9 de la Catalogne, ne manquez pas de visiter le Palau de la Generalitat \u00e0 Barcelone, qui a servi de si\u00e8ge au gouvernement catalan au Moyen \u00c2ge. Vous pourrez y voir des expositions sur la culture et l\u2019histoire catalanes, ainsi que des \u0153uvres d\u2019art des diff\u00e9rentes p\u00e9riodes de la r\u00e9gion.<\/p>\n\n\n\n<p>Barcelone est une ville pleine de vie et de culture, et il y a beaucoup de choses \u00e0 voir et \u00e0 faire ici. Parmi les sites les plus c\u00e9l\u00e8bres de la ville, citons La Sagrada Fam\u00edlia, une superbe basilique alliant style gothique et moderne imagin\u00e9e par l\u2019architecte Antonio Gaudi, et le Montju\u00efc, qui offre une vue imprenable sur Barcelone.<\/p>\n\n\n\n<p>En plus de ses monuments historiques et de ses mus\u00e9es, Barcelone abrite \u00e9galement de magnifiques parcs et jardins. L\u2019un des plus populaires est le Parc G\u00fcell, qui a \u00e9t\u00e9 dessin\u00e9 \u00e9galement par Antoni Gaudi. Ce parc est situ\u00e9 sur une colline de Barcelone et offre des panoramas incroyables sur la ville, et poss\u00e8de certaines des c\u00e9l\u00e8bres sculptures de Gaudi.<\/p>\n\n\n\n<figure class=\"wp-block-image\"><img decoding=\"async\" src=\"https:\/\/www.belvilla.fr\/blog\/wp-content\/uploads\/sites\/7\/2022\/06\/shutterstock_395162041.jpg.webp\" alt=\"Basilique La Sagrada Fam\u00edlia \u00e0 Barcelone\" class=\"wp-image-402\" \/><figcaption>Basilique La Sagrada Fam\u00edlia \u00e0 Barcelone<\/figcaption><\/figure>\n\n\n\n<h2 class=\"wp-block-heading\">Visitez les magnifiques \u00e9glises et cath\u00e9drales de la r\u00e9gion<\/h2>\n\n\n\n<p>L\u2019un des aspects les plus appr\u00e9ciables de la Catalogne est son abondance de belles \u00e9glises et cath\u00e9drales. Parmi les plus populaires, citons la cath\u00e9drale de Barcelone, qui est le si\u00e8ge de l\u2019archev\u00eaque de Barcelone, et l\u2019abbaye Santa Maria de Montserrat, un monast\u00e8re b\u00e9n\u00e9dictin qui abrite l\u2019un des plus importants sites de p\u00e8lerinage d\u2019Espagne.<\/p>\n\n\n\n<p>Vous devriez \u00e9galement envisager de visiter la cath\u00e9drale de G\u00e9rone, qui est l\u2019une des plus grandes et des plus importantes cath\u00e9drales gothiques d\u2019Europe. Elle abrite de magnifiques \u0153uvres d\u2019art, ainsi qu\u2019un mus\u00e9e qui abrite une vaste collection d\u2019objets religieux.<\/p>\n\n\n\n<p>Enfin, ne manquez pas de visiter l\u2019\u00e9glise de Sant Felip Neri, qui est l\u2019une des \u00e9glises les plus populaires de Barcelone. Cette \u00e9glise est connue pour sa belle architecture baroque, ainsi que pour ses vues imprenables sur la ville.<\/p>\n\n\n\n<h2 class=\"wp-block-heading\">D\u00e9couvrez les c\u00e9l\u00e9brations traditionnelles de No\u00ebl en Espagne<\/h2>\n\n\n\n<p>Vous allez en Catalogne pendant la p\u00e9riode de No\u00ebl ? Si tel est le cas, vous allez \u00eatre g\u00e2t\u00e9 ! La p\u00e9riode de No\u00ebl est un moment tr\u00e8s sp\u00e9cial en Catalogne, et un certain nombre de c\u00e9l\u00e9brations traditionnelles ont lieu pendant cette p\u00e9riode.<\/p>\n\n\n\n<h3 class=\"wp-block-heading\">Visitez les march\u00e9s de No\u00ebl pour un shopping festif<\/h3>\n\n\n\n<p>La Rambla de Barcelone, c\u00e9l\u00e8bre dans le monde entier, est un autre lieu incontournable pour les visiteurs pendant les vacances. Ce boulevard bord\u00e9 d\u2019arbres se transforme en un pays des merveilles festif pendant le mois de d\u00e9cembre, avec plus de 100 stands vendant de tout, des d\u00e9corations de No\u00ebl \u00e0 la nourriture catalane traditionnelle.<\/p>\n\n\n\n<p>Enfin, aucun voyage en Catalogne pendant les f\u00eates ne serait complet sans voir quelques-unes des lumi\u00e8res de No\u00ebl \u00e0 couper le souffle. Barcelone est particuli\u00e8rement connue pour ses spectaculaires illuminations, que l\u2019on peut voir dans toute la ville. Pour quelque chose de vraiment unique, ne manquez pas de visiter la Fontaine magique de Montju\u00efc \u2013 un spectacle d\u2019eau et de lumi\u00e8re \u00e9blouissant qui se d\u00e9roule en musique !<\/p>\n\n\n\n<figure class=\"wp-block-image\"><img decoding=\"async\" src=\"https:\/\/www.belvilla.fr\/blog\/wp-content\/uploads\/sites\/7\/2022\/06\/shutterstock_1017091243.jpg.webp\" alt=\"Ch\u00e2teau de Castelldefels en Catalogne\" class=\"wp-image-403\" \/><figcaption>Ch\u00e2teau de Castelldefels en Catalogne<\/figcaption><\/figure>\n\n\n\n<h3 class=\"wp-block-heading\">Profitez de la nourriture et des boissons traditionnelles sur les march\u00e9s<\/h3>\n\n\n\n<p>L\u2019une des meilleures choses de la Catalogne est sa riche tradition culinaire. La r\u00e9gion offre un panel de plats d\u00e9licieux, ainsi qu\u2019une grande vari\u00e9t\u00e9 de vins et de cava (vin mousseux).<\/p>\n\n\n\n<p>Ne manquez pas de go\u00fbter \u00e0 certains des plats typiques de la r\u00e9gion, comme la paella pendant votre s\u00e9jour ! Vous pouvez \u00e9galement d\u00e9guster un verre de cava avec votre repas \u2013 la Catalogne est l\u2019un des plus grands producteurs de ce d\u00e9licieux vin mousseux.<\/p>\n\n\n\n<p>Si vous cherchez quelque chose \u00e0 rapporter chez vous, ne manquez pas de visiter l\u2019un des nombreux march\u00e9s de la r\u00e9gion. Vous y trouverez une grande vari\u00e9t\u00e9 de produits alimentaires et de boissons, ainsi que des souvenirs catalans traditionnels.<\/p>\n\n\n\n<h3 class=\"wp-block-heading\">\u00c9coutez des chants de No\u00ebl et de la musique sur les march\u00e9s<\/h3>\n\n\n\n<p>L\u2019une des meilleures choses \u00e0 propos des march\u00e9s de No\u00ebl en Catalogne est l\u2019atmosph\u00e8re festive. Les march\u00e9s sont g\u00e9n\u00e9ralement remplis d\u2019artistes, de chants de No\u00ebl et de musique en direct, ce qui vous met vraiment dans l\u2019esprit des f\u00eates !<\/p>\n\n\n\n<h2 class=\"wp-block-heading\">Faites une randonn\u00e9e dans les superbes paysages catalans<\/h2>\n\n\n\n<p>En plus de ses villes et villages, la Catalogne abrite \u00e9galement certains des plus beaux paysages de toute l\u2019Espagne. On y retrouve de belles cha\u00eenes de montagnes, ainsi que de nombreux villages pittoresques.<\/p>\n\n\n\n<p>Si vous \u00eates \u00e0 la recherche de vacances plus sportives, envisagez de faire une randonn\u00e9e dans la campagne catalane. Vous serez \u00e9merveill\u00e9 par la beaut\u00e9 de cette r\u00e9gion et vous d\u00e9couvrirez un aspect de la Catalogne que la plupart des visiteurs ne voient jamais.<\/p>\n\n\n\n<h2 class=\"wp-block-heading\">Rendez-vous \u00e0 la plage pour une journ\u00e9e de baignade et de bronzage<\/h2>\n\n\n\n<p>La Catalogne abrite \u00e9galement des plages magnifiques, qui sont id\u00e9ales pour une journ\u00e9e de baignade et de bronzage.<\/p>\n\n\n\n<p>Parmi les plages les plus populaires de Catalogne, citons la plage de la Barceloneta, situ\u00e9e \u00e0 Barcelone, et la plage de Sant Sebasti\u00e0, situ\u00e9e juste \u00e0 l\u2019ext\u00e9rieur de la ville.<\/p>\n\n\n\n<p>Si vous recherchez une exp\u00e9rience de plage plus calme et relaxante, envisagez de vous rendre sur l\u2019une des plus petites plages de la r\u00e9gion, comme Cala Montg\u00f3 ou Cala Bassa.<\/p>\n\n\n\n<figure class=\"wp-block-image\"><img decoding=\"async\" src=\"https:\/\/www.belvilla.fr\/blog\/wp-content\/uploads\/sites\/7\/2022\/06\/shutterstock_1349266283.jpg.webp\" alt=\"Plage \u00e0 Barcelone en Catalogne\" class=\"wp-image-404\" \/><figcaption>Plage \u00e0 Barcelone en Catalogne<\/figcaption><\/figure>\n\n\n\n<h2 class=\"wp-block-heading\">Faites une excursion d\u2019une journ\u00e9e \u00e0 G\u00e9rone, Figueres ou Tarragone<\/h2>\n\n\n\n<p>Si vous cherchez \u00e0 sortir de Barcelone pour une journ\u00e9e, envisagez de faire une excursion dans l\u2019une de ces autres villes de Catalogne. G\u00e9rone, Figueres et Tarragone sont toutes situ\u00e9es \u00e0 une courte distance en voiture de la ville, et elles offrent une grande vari\u00e9t\u00e9 de styles architecturaux \u00e0 d\u00e9couvrir.<\/p>\n\n\n\n<p>G\u00e9rone abrite des \u00e9glises romanes tr\u00e8s bien conserv\u00e9es, ainsi qu\u2019un quartier gothique, qui regorge de beaux b\u00e2timents m\u00e9di\u00e9vaux.<\/p>\n\n\n\n<p>Figueres abrite le mus\u00e9e Dal\u00ed, qui est consacr\u00e9 \u00e0 l\u2019\u0153uvre du c\u00e9l\u00e8bre artiste espagnol Salvador Dal\u00ed.<\/p>\n\n\n\n<p>Tarragone abrite des ruines romaines, dont un amphith\u00e9\u00e2tre bien pr\u00e9serv\u00e9.<\/p>\n\n\n\n<p>Toutes ces villes offrent une exp\u00e9rience diff\u00e9rente et unique, alors assurez-vous de les visiter toutes si vous avez le temps !<\/p>\n\n\n\n<h2 class=\"wp-block-heading\">Passez une soir\u00e9e \u00e0 \u00e9couter de la musique et admirer des danses folkloriques catalanes<\/h2>\n\n\n\n<p>Une autre excellente fa\u00e7on de d\u00e9couvrir la culture catalane est de passer une soir\u00e9e \u00e0 \u00e9couter de la musique et admirer des danses folkloriques catalanes.<\/p>\n\n\n\n<p>Il y a beaucoup de bars et de clubs \u00e0 Barcelone qui proposent de la musique, et vous pouvez \u00e9galement trouver un certain nombre de festivals folkloriques qui ont lieu dans toute la r\u00e9gion, comme La Merce \u00e0 Barcelone ou le Festival de Sant Joan \u00e0 Vic. Ils proposent g\u00e9n\u00e9ralement un m\u00e9lange de musique traditionnelle et moderne, de sorte que tout le monde y trouve son compte.<\/p>\n\n\n\n<p>Si vous souhaitez vraiment vous int\u00e9grer \u00e0 la culture locale, envisagez d\u2019apprendre \u00e0 danser la danse traditionnelle catalane, la sardane.<\/p>\n\n\n\n<figure class=\"wp-block-image\"><img decoding=\"async\" src=\"https:\/\/www.belvilla.fr\/blog\/wp-content\/uploads\/sites\/7\/2022\/06\/shutterstock_1082042891.jpg.webp\" alt=\"Des tapas catalans\" class=\"wp-image-405\" \/><figcaption>Des tapas catalans<\/figcaption><\/figure>\n\n\n\n<h2 class=\"wp-block-heading\">Go\u00fbtez aux d\u00e9licieux vins et tapas catalans.<\/h2>\n\n\n\n<p>Enfin, n\u2019oubliez pas de go\u00fbter aux d\u00e9licieux vins et tapas catalans pendant votre s\u00e9jour dans la r\u00e9gion.<\/p>\n\n\n\n<p>La Catalogne abrite d\u2019excellents \u00e9tablissements vinicoles, et vous pourrez y d\u00e9guster une large vari\u00e9t\u00e9 de vins diff\u00e9rents pour satisfaire tous les go\u00fbts.<\/p>\n\n\n\n<p>Si vous cherchez quelque chose \u00e0 grignoter avec votre vin, assurez-vous d\u2019essayer certaines des tapas catalanes traditionnelles comme les patatas bravas (patates \u00e9pic\u00e9es) ou les espinacas con garbanzos (\u00e9pinards aux pois chiches).<\/p>\n\n\n\n<p>Vous pouvez \u00e9galement trouver d\u2019excellents restaurants servant ces d\u00e9licieux plats, alors n\u2019h\u00e9sitez pas \u00e0 demander des recommandations aux locaux !<\/p>\n","protected":false},"excerpt":{"rendered":"<p>La Catalogne est une splendide r\u00e9gion du nord-est de l\u2019Espagne qui regorge de culture et d\u2019histoire. Si vous planifiez de&hellip;<\/p>\n","protected":false},"author":9,"featured_media":326,"comment_status":"open","ping_status":"open","sticky":false,"template":"","format":"standard","meta":{"footnotes":""},"categories":[19],"tags":[],"location":[],"class_list":["post-322","post","type-post","status-publish","format-standard","has-post-thumbnail","hentry","category-discovery"],"acf":[],"yoast_head":"<!-- This site is optimized with the Yoast SEO plugin v27.4 - https:\/\/yoast.com\/product\/yoast-seo-wordpress\/ -->\n<title>Que faire et que voir lors de vacances en Catalogne?<\/title>\n<meta name=\"description\" content=\"La Catalogne est une splendide r\u00e9gion du nord-est de l\u2019Espagne qui regorge de culture et d\u2019histoire. Si vous planifiez de visiter cette r\u00e9gion, assurez-vous de pr\u00e9parer au mieux votre voyage pour ne rien louper des meilleures activit\u00e9s et lieux incontournables qu\u2019offre la r\u00e9gion\" \/>\n<meta name=\"robots\" content=\"index, follow, max-snippet:-1, max-image-preview:large, max-video-preview:-1\" \/>\n<link rel=\"canonical\" href=\"https:\/\/fr.belvilla.be\/blog\/guide-vacances-catalogne\/\" \/>\n<meta property=\"og:locale\" content=\"fr_FR\" \/>\n<meta property=\"og:type\" content=\"article\" \/>\n<meta property=\"og:title\" content=\"Que faire et que voir lors de vacances en Catalogne?\" \/>\n<meta property=\"og:description\" content=\"La Catalogne est une splendide r\u00e9gion du nord-est de l\u2019Espagne qui regorge de culture et d\u2019histoire. Si vous planifiez de visiter cette r\u00e9gion, assurez-vous de pr\u00e9parer au mieux votre voyage pour ne rien louper des meilleures activit\u00e9s et lieux incontournables qu\u2019offre la r\u00e9gion\" \/>\n<meta property=\"og:url\" content=\"https:\/\/fr.belvilla.be\/blog\/guide-vacances-catalogne\/\" \/>\n<meta property=\"og:site_name\" content=\"Belvilla Blog BEFR\" \/>\n<meta property=\"article:published_time\" content=\"2022-10-31T12:14:44+00:00\" \/>\n<meta property=\"article:modified_time\" content=\"2023-08-28T21:35:59+00:00\" \/>\n<meta property=\"og:image\" content=\"https:\/\/fr.belvilla.be\/blog\/wp-content\/uploads\/sites\/2\/2022\/10\/vacances-en-Catalogne.webp\" \/>\n\t<meta property=\"og:image:width\" content=\"1500\" \/>\n\t<meta property=\"og:image:height\" content=\"1060\" \/>\n\t<meta property=\"og:image:type\" content=\"image\/webp\" \/>\n<meta name=\"author\" content=\"Laxmi Pujari\" \/>\n<meta name=\"twitter:card\" content=\"summary_large_image\" \/>\n<meta name=\"twitter:label1\" content=\"\u00c9crit par\" \/>\n\t<meta name=\"twitter:data1\" content=\"Laxmi Pujari\" \/>\n\t<meta name=\"twitter:label2\" content=\"Dur\u00e9e de lecture est.\" \/>\n\t<meta name=\"twitter:data2\" content=\"8 minutes\" \/>\n<script type=\"application\/ld+json\" class=\"yoast-schema-graph\">{\"@context\":\"https:\\\/\\\/schema.org\",\"@graph\":[{\"@type\":\"Article\",\"@id\":\"https:\\\/\\\/fr.belvilla.be\\\/blog\\\/guide-vacances-catalogne\\\/#article\",\"isPartOf\":{\"@id\":\"https:\\\/\\\/fr.belvilla.be\\\/blog\\\/guide-vacances-catalogne\\\/\"},\"author\":{\"name\":\"Laxmi Pujari\",\"@id\":\"https:\\\/\\\/fr.belvilla.be\\\/blog\\\/#\\\/schema\\\/person\\\/38dd467234e64254fdad57010404ef35\"},\"headline\":\"Que faire et que voir lors de vacances en Catalogne?\",\"datePublished\":\"2022-10-31T12:14:44+00:00\",\"dateModified\":\"2023-08-28T21:35:59+00:00\",\"mainEntityOfPage\":{\"@id\":\"https:\\\/\\\/fr.belvilla.be\\\/blog\\\/guide-vacances-catalogne\\\/\"},\"wordCount\":1564,\"commentCount\":0,\"image\":{\"@id\":\"https:\\\/\\\/fr.belvilla.be\\\/blog\\\/guide-vacances-catalogne\\\/#primaryimage\"},\"thumbnailUrl\":\"https:\\\/\\\/fr.belvilla.be\\\/blog\\\/wp-content\\\/uploads\\\/sites\\\/2\\\/2022\\\/10\\\/vacances-en-Catalogne.webp\",\"articleSection\":[\"Discovery\"],\"inLanguage\":\"fr-BE\",\"potentialAction\":[{\"@type\":\"CommentAction\",\"name\":\"Comment\",\"target\":[\"https:\\\/\\\/fr.belvilla.be\\\/blog\\\/guide-vacances-catalogne\\\/#respond\"]}]},{\"@type\":\"WebPage\",\"@id\":\"https:\\\/\\\/fr.belvilla.be\\\/blog\\\/guide-vacances-catalogne\\\/\",\"url\":\"https:\\\/\\\/fr.belvilla.be\\\/blog\\\/guide-vacances-catalogne\\\/\",\"name\":\"Que faire et que voir lors de vacances en Catalogne?\",\"isPartOf\":{\"@id\":\"https:\\\/\\\/fr.belvilla.be\\\/blog\\\/#website\"},\"primaryImageOfPage\":{\"@id\":\"https:\\\/\\\/fr.belvilla.be\\\/blog\\\/guide-vacances-catalogne\\\/#primaryimage\"},\"image\":{\"@id\":\"https:\\\/\\\/fr.belvilla.be\\\/blog\\\/guide-vacances-catalogne\\\/#primaryimage\"},\"thumbnailUrl\":\"https:\\\/\\\/fr.belvilla.be\\\/blog\\\/wp-content\\\/uploads\\\/sites\\\/2\\\/2022\\\/10\\\/vacances-en-Catalogne.webp\",\"datePublished\":\"2022-10-31T12:14:44+00:00\",\"dateModified\":\"2023-08-28T21:35:59+00:00\",\"author\":{\"@id\":\"https:\\\/\\\/fr.belvilla.be\\\/blog\\\/#\\\/schema\\\/person\\\/38dd467234e64254fdad57010404ef35\"},\"description\":\"La Catalogne est une splendide r\u00e9gion du nord-est de l\u2019Espagne qui regorge de culture et d\u2019histoire. Si vous planifiez de visiter cette r\u00e9gion, assurez-vous de pr\u00e9parer au mieux votre voyage pour ne rien louper des meilleures activit\u00e9s et lieux incontournables qu\u2019offre la r\u00e9gion\",\"breadcrumb\":{\"@id\":\"https:\\\/\\\/fr.belvilla.be\\\/blog\\\/guide-vacances-catalogne\\\/#breadcrumb\"},\"inLanguage\":\"fr-BE\",\"potentialAction\":[{\"@type\":\"ReadAction\",\"target\":[\"https:\\\/\\\/fr.belvilla.be\\\/blog\\\/guide-vacances-catalogne\\\/\"]}]},{\"@type\":\"ImageObject\",\"inLanguage\":\"fr-BE\",\"@id\":\"https:\\\/\\\/fr.belvilla.be\\\/blog\\\/guide-vacances-catalogne\\\/#primaryimage\",\"url\":\"https:\\\/\\\/fr.belvilla.be\\\/blog\\\/wp-content\\\/uploads\\\/sites\\\/2\\\/2022\\\/10\\\/vacances-en-Catalogne.webp\",\"contentUrl\":\"https:\\\/\\\/fr.belvilla.be\\\/blog\\\/wp-content\\\/uploads\\\/sites\\\/2\\\/2022\\\/10\\\/vacances-en-Catalogne.webp\",\"width\":1500,\"height\":1060},{\"@type\":\"BreadcrumbList\",\"@id\":\"https:\\\/\\\/fr.belvilla.be\\\/blog\\\/guide-vacances-catalogne\\\/#breadcrumb\",\"itemListElement\":[{\"@type\":\"ListItem\",\"position\":1,\"name\":\"Home\",\"item\":\"https:\\\/\\\/fr.belvilla.be\\\/blog\\\/\"},{\"@type\":\"ListItem\",\"position\":2,\"name\":\"Que faire et que voir lors de vacances en Catalogne?\"}]},{\"@type\":\"WebSite\",\"@id\":\"https:\\\/\\\/fr.belvilla.be\\\/blog\\\/#website\",\"url\":\"https:\\\/\\\/fr.belvilla.be\\\/blog\\\/\",\"name\":\"Belvilla Blog BEFR\",\"description\":\"\",\"potentialAction\":[{\"@type\":\"SearchAction\",\"target\":{\"@type\":\"EntryPoint\",\"urlTemplate\":\"https:\\\/\\\/fr.belvilla.be\\\/blog\\\/?s={search_term_string}\"},\"query-input\":{\"@type\":\"PropertyValueSpecification\",\"valueRequired\":true,\"valueName\":\"search_term_string\"}}],\"inLanguage\":\"fr-BE\"},{\"@type\":\"Person\",\"@id\":\"https:\\\/\\\/fr.belvilla.be\\\/blog\\\/#\\\/schema\\\/person\\\/38dd467234e64254fdad57010404ef35\",\"name\":\"Laxmi Pujari\",\"image\":{\"@type\":\"ImageObject\",\"inLanguage\":\"fr-BE\",\"@id\":\"https:\\\/\\\/secure.gravatar.com\\\/avatar\\\/41a4d7e7236c379a31d6df59d9ae82678e141eb96c9437e6158cc1c26806cd52?s=96&d=mm&r=g\",\"url\":\"https:\\\/\\\/secure.gravatar.com\\\/avatar\\\/41a4d7e7236c379a31d6df59d9ae82678e141eb96c9437e6158cc1c26806cd52?s=96&d=mm&r=g\",\"contentUrl\":\"https:\\\/\\\/secure.gravatar.com\\\/avatar\\\/41a4d7e7236c379a31d6df59d9ae82678e141eb96c9437e6158cc1c26806cd52?s=96&d=mm&r=g\",\"caption\":\"Laxmi Pujari\"}}]}<\/script>\n<!-- \/ Yoast SEO plugin. -->","yoast_head_json":{"title":"Que faire et que voir lors de vacances en Catalogne?","description":"La Catalogne est une splendide r\u00e9gion du nord-est de l\u2019Espagne qui regorge de culture et d\u2019histoire. Si vous planifiez de visiter cette r\u00e9gion, assurez-vous de pr\u00e9parer au mieux votre voyage pour ne rien louper des meilleures activit\u00e9s et lieux incontournables qu\u2019offre la r\u00e9gion","robots":{"index":"index","follow":"follow","max-snippet":"max-snippet:-1","max-image-preview":"max-image-preview:large","max-video-preview":"max-video-preview:-1"},"canonical":"https:\/\/fr.belvilla.be\/blog\/guide-vacances-catalogne\/","og_locale":"fr_FR","og_type":"article","og_title":"Que faire et que voir lors de vacances en Catalogne?","og_description":"La Catalogne est une splendide r\u00e9gion du nord-est de l\u2019Espagne qui regorge de culture et d\u2019histoire. Si vous planifiez de visiter cette r\u00e9gion, assurez-vous de pr\u00e9parer au mieux votre voyage pour ne rien louper des meilleures activit\u00e9s et lieux incontournables qu\u2019offre la r\u00e9gion","og_url":"https:\/\/fr.belvilla.be\/blog\/guide-vacances-catalogne\/","og_site_name":"Belvilla Blog BEFR","article_published_time":"2022-10-31T12:14:44+00:00","article_modified_time":"2023-08-28T21:35:59+00:00","og_image":[{"width":1500,"height":1060,"url":"https:\/\/fr.belvilla.be\/blog\/wp-content\/uploads\/sites\/2\/2022\/10\/vacances-en-Catalogne.webp","type":"image\/webp"}],"author":"Laxmi Pujari","twitter_card":"summary_large_image","twitter_misc":{"\u00c9crit par":"Laxmi Pujari","Dur\u00e9e de lecture est.":"8 minutes"},"schema":{"@context":"https:\/\/schema.org","@graph":[{"@type":"Article","@id":"https:\/\/fr.belvilla.be\/blog\/guide-vacances-catalogne\/#article","isPartOf":{"@id":"https:\/\/fr.belvilla.be\/blog\/guide-vacances-catalogne\/"},"author":{"name":"Laxmi Pujari","@id":"https:\/\/fr.belvilla.be\/blog\/#\/schema\/person\/38dd467234e64254fdad57010404ef35"},"headline":"Que faire et que voir lors de vacances en Catalogne?","datePublished":"2022-10-31T12:14:44+00:00","dateModified":"2023-08-28T21:35:59+00:00","mainEntityOfPage":{"@id":"https:\/\/fr.belvilla.be\/blog\/guide-vacances-catalogne\/"},"wordCount":1564,"commentCount":0,"image":{"@id":"https:\/\/fr.belvilla.be\/blog\/guide-vacances-catalogne\/#primaryimage"},"thumbnailUrl":"https:\/\/fr.belvilla.be\/blog\/wp-content\/uploads\/sites\/2\/2022\/10\/vacances-en-Catalogne.webp","articleSection":["Discovery"],"inLanguage":"fr-BE","potentialAction":[{"@type":"CommentAction","name":"Comment","target":["https:\/\/fr.belvilla.be\/blog\/guide-vacances-catalogne\/#respond"]}]},{"@type":"WebPage","@id":"https:\/\/fr.belvilla.be\/blog\/guide-vacances-catalogne\/","url":"https:\/\/fr.belvilla.be\/blog\/guide-vacances-catalogne\/","name":"Que faire et que voir lors de vacances en Catalogne?","isPartOf":{"@id":"https:\/\/fr.belvilla.be\/blog\/#website"},"primaryImageOfPage":{"@id":"https:\/\/fr.belvilla.be\/blog\/guide-vacances-catalogne\/#primaryimage"},"image":{"@id":"https:\/\/fr.belvilla.be\/blog\/guide-vacances-catalogne\/#primaryimage"},"thumbnailUrl":"https:\/\/fr.belvilla.be\/blog\/wp-content\/uploads\/sites\/2\/2022\/10\/vacances-en-Catalogne.webp","datePublished":"2022-10-31T12:14:44+00:00","dateModified":"2023-08-28T21:35:59+00:00","author":{"@id":"https:\/\/fr.belvilla.be\/blog\/#\/schema\/person\/38dd467234e64254fdad57010404ef35"},"description":"La Catalogne est une splendide r\u00e9gion du nord-est de l\u2019Espagne qui regorge de culture et d\u2019histoire. Si vous planifiez de visiter cette r\u00e9gion, assurez-vous de pr\u00e9parer au mieux votre voyage pour ne rien louper des meilleures activit\u00e9s et lieux incontournables qu\u2019offre la r\u00e9gion","breadcrumb":{"@id":"https:\/\/fr.belvilla.be\/blog\/guide-vacances-catalogne\/#breadcrumb"},"inLanguage":"fr-BE","potentialAction":[{"@type":"ReadAction","target":["https:\/\/fr.belvilla.be\/blog\/guide-vacances-catalogne\/"]}]},{"@type":"ImageObject","inLanguage":"fr-BE","@id":"https:\/\/fr.belvilla.be\/blog\/guide-vacances-catalogne\/#primaryimage","url":"https:\/\/fr.belvilla.be\/blog\/wp-content\/uploads\/sites\/2\/2022\/10\/vacances-en-Catalogne.webp","contentUrl":"https:\/\/fr.belvilla.be\/blog\/wp-content\/uploads\/sites\/2\/2022\/10\/vacances-en-Catalogne.webp","width":1500,"height":1060},{"@type":"BreadcrumbList","@id":"https:\/\/fr.belvilla.be\/blog\/guide-vacances-catalogne\/#breadcrumb","itemListElement":[{"@type":"ListItem","position":1,"name":"Home","item":"https:\/\/fr.belvilla.be\/blog\/"},{"@type":"ListItem","position":2,"name":"Que faire et que voir lors de vacances en Catalogne?"}]},{"@type":"WebSite","@id":"https:\/\/fr.belvilla.be\/blog\/#website","url":"https:\/\/fr.belvilla.be\/blog\/","name":"Belvilla Blog BEFR","description":"","potentialAction":[{"@type":"SearchAction","target":{"@type":"EntryPoint","urlTemplate":"https:\/\/fr.belvilla.be\/blog\/?s={search_term_string}"},"query-input":{"@type":"PropertyValueSpecification","valueRequired":true,"valueName":"search_term_string"}}],"inLanguage":"fr-BE"},{"@type":"Person","@id":"https:\/\/fr.belvilla.be\/blog\/#\/schema\/person\/38dd467234e64254fdad57010404ef35","name":"Laxmi Pujari","image":{"@type":"ImageObject","inLanguage":"fr-BE","@id":"https:\/\/secure.gravatar.com\/avatar\/41a4d7e7236c379a31d6df59d9ae82678e141eb96c9437e6158cc1c26806cd52?s=96&d=mm&r=g","url":"https:\/\/secure.gravatar.com\/avatar\/41a4d7e7236c379a31d6df59d9ae82678e141eb96c9437e6158cc1c26806cd52?s=96&d=mm&r=g","contentUrl":"https:\/\/secure.gravatar.com\/avatar\/41a4d7e7236c379a31d6df59d9ae82678e141eb96c9437e6158cc1c26806cd52?s=96&d=mm&r=g","caption":"Laxmi Pujari"}}]}},"_links":{"self":[{"href":"https:\/\/fr.belvilla.be\/blog\/wp-json\/wp\/v2\/posts\/322","targetHints":{"allow":["GET"]}}],"collection":[{"href":"https:\/\/fr.belvilla.be\/blog\/wp-json\/wp\/v2\/posts"}],"about":[{"href":"https:\/\/fr.belvilla.be\/blog\/wp-json\/wp\/v2\/types\/post"}],"author":[{"embeddable":true,"href":"https:\/\/fr.belvilla.be\/blog\/wp-json\/wp\/v2\/users\/9"}],"replies":[{"embeddable":true,"href":"https:\/\/fr.belvilla.be\/blog\/wp-json\/wp\/v2\/comments?post=322"}],"version-history":[{"count":6,"href":"https:\/\/fr.belvilla.be\/blog\/wp-json\/wp\/v2\/posts\/322\/revisions"}],"predecessor-version":[{"id":595,"href":"https:\/\/fr.belvilla.be\/blog\/wp-json\/wp\/v2\/posts\/322\/revisions\/595"}],"wp:featuredmedia":[{"embeddable":true,"href":"https:\/\/fr.belvilla.be\/blog\/wp-json\/wp\/v2\/media\/326"}],"wp:attachment":[{"href":"https:\/\/fr.belvilla.be\/blog\/wp-json\/wp\/v2\/media?parent=322"}],"wp:term":[{"taxonomy":"category","embeddable":true,"href":"https:\/\/fr.belvilla.be\/blog\/wp-json\/wp\/v2\/categories?post=322"},{"taxonomy":"post_tag","embeddable":true,"href":"https:\/\/fr.belvilla.be\/blog\/wp-json\/wp\/v2\/tags?post=322"},{"taxonomy":"location","embeddable":true,"href":"https:\/\/fr.belvilla.be\/blog\/wp-json\/wp\/v2\/location?post=322"}],"curies":[{"name":"wp","href":"https:\/\/api.w.org\/{rel}","templated":true}]}}