{"id":29,"date":"2022-05-02T19:55:28","date_gmt":"2022-05-02T19:55:28","guid":{"rendered":"https:\/\/fr.belvilla.be\/blog\/?p=29"},"modified":"2023-08-28T21:36:12","modified_gmt":"2023-08-28T21:36:12","slug":"participer-festival-chanson-turin","status":"publish","type":"post","link":"https:\/\/fr.belvilla.be\/blog\/participer-festival-chanson-turin\/","title":{"rendered":"Concours Eurovision de la chanson 2022 \u00e0 Turin : D\u00e9couvrez ce que co\u00fbte le voyage\u00a0"},"content":{"rendered":"\n<p>C&rsquo;est le grand rendez-vous de la musique en Europe : en mai, le Concours Eurovision de la chanson (CEC) aura lieu \u00e0 Turin, en Italie. Lors de la finale, ce sont 25 candidats des diff\u00e9rents pays qui se produiront et se disputeront tous les points du jury et du public international. Vivre cet \u00e9v\u00e9nement de pr\u00e8s est un grand r\u00eave pour de nombreux fans du concours. Belvilla a calcul\u00e9 le co\u00fbt d&rsquo;un voyage le temps d\u2019un week-end avec une place pour la finale et le co\u00fbt d&rsquo;une semaine compl\u00e8te avec tous les \u00e9v\u00e9nements du Concours europ\u00e9en de la chanson ainsi que l&rsquo;h\u00e9bergement, les visites et les repas pour le week-end ainsi que pour la semaine enti\u00e8re.<\/p>\n\n\n\n<p>Tous les amateurs de ce grand \u00e9v\u00e9nement qui voyagent pour le week-end peuvent s&rsquo;attendre \u00e0 payer au moins 264 euros pour un voyage en train aller-retour depuis Paris vers Turin. En avion, le prix est de 55 euros. Pour pouvoir se promener dans Turin en transports en commun, les fans devront payer dix euros suppl\u00e9mentaires pour un ticket valide 72 heures.<\/p>\n\n\n\n<p>Bien entendu, la plus grosse d\u00e9pense pour les fans sont les billets donnant acc\u00e8s \u00e0 la grande finale : jusqu&rsquo;\u00e0 1 760 euros sont actuellement demand\u00e9s pour l\u2019achat des billets sur les plateformes de vente habituelles. Pour vivre le spectacle de plus pr\u00e8s, les visiteurs devront d\u00e9bourser en moyenne 1 131 euros par personne.<\/p>\n\n\n\n<p>En tant que ville de 890 000 habitants, Turin offre une large gamme de logements : En moyenne, les visiteurs devront d\u00e9bourser 1 074 euros pour deux nuits dans une chambre d\u2019h\u00f4tel ou une maison de vacances. S\u2019ils le souhaitent et s\u2019ils ont le temps avant la finale de 21 heures ou bien le lendemain matin, les spectateurs pourront d\u00e9couvrir la ville de Turin, situ\u00e9e dans le Pi\u00e9mont montagneux. En moyenne, l&rsquo;entr\u00e9e des 20 sites les plus populaires de la m\u00e9tropole du nord de l&rsquo;Italie co\u00fbte 6,90 euros, et sept attractions peuvent \u00eatre visit\u00e9es gratuitement.<\/p>\n\n\n\n<p>En tant que pays de la pizza et des p\u00e2tes, l&rsquo;Italie est particuli\u00e8rement appr\u00e9ci\u00e9e de tous les gourmands. Turin a beaucoup \u00e0 offrir, non seulement pour le regard, mais \u00e9galement pour le palais : Les prix peuvent varier entre 3 euros pour une pizza marinara, et 38 euros pour une Orecchia Di Elefante traditionnelle, un plat typique compos\u00e9 d&rsquo;une escalope pan\u00e9e et de l\u00e9gumes. Six visites au restaurant, repas et boissons compris, co\u00fbtent en moyenne 91,60 euros. De plus, 30 restaurants et bars \u00e0 Turin se pr\u00e9sentent comme \u201cLGBTQI+ friendly\u201d.<\/p>\n\n\n\n<p>Au total, les adeptes peuvent vivre l&rsquo;exp\u00e9rience du Concours tout en explorant la ville de Turin le temps d\u2019un week-end pour 2 368 euros en avion, ou 2 577 euros en train.<\/p>\n\n\n\n<p>Toutes les d\u00e9penses \u00e0 pr\u00e9voir pour un week-end, y compris la grande finale du concours, figurent dans la vue d&rsquo;ensemble de ce tableau :<\/p>\n\n\n\n!function(){\u00ab\u00a0use strict\u00a0\u00bb;window.addEventListener(\u00ab\u00a0message\u00a0\u00bb,(function(e){if(void 0!==e.data[\u00ab\u00a0datawrapper-height\u00a0\u00bb]){var t=document.querySelectorAll(\u00ab\u00a0iframe\u00a0\u00bb);for(var a in e.data[\u00ab\u00a0datawrapper-height\u00a0\u00bb])for(var r=0;r&lt;t.length;r++){if(t[r].contentWindow===e.source)t[r].style.height=e.data[&quot;datawrapper-height&quot;][a]+&quot;px&quot;}}}))}();\n\n\n\n\n<p>Le premier \u00e9v\u00e9nement du Concours europ\u00e9en de la chanson aura lieu mardi 10 mai. Les fans inconditionnels de l&rsquo;\u00e9v\u00e9nement musical europ\u00e9en peuvent arriver d\u00e8s le lundi pr\u00e9c\u00e9dant la finale et assister \u00e0 toutes les \u00e9preuves pr\u00e9liminaires. Les visiteurs doivent compter respectivement 366 euros ou 129 euros pour les voyages en avion ou en train, ainsi que 17,50 euros pour un ticket leur donnant acc\u00e8s aux transports en commun. Les visiteurs peuvent \u00e9galement acheter un billet pour 88 euros et b\u00e9n\u00e9ficier de r\u00e9ductions sur diverses activit\u00e9s dans la ville. Si les adeptes du concours souhaitent profiter des restaurants de la ville pendant une semaine, il faudra ajouter 214 euros \u00e0 la facture. La visite des 20 sites touristiques les plus populaires leur co\u00fbtera 137 euros. Pour sept nuits dans un h\u00f4tel ou une maison de vacances, la moyenne est de 2 623 euros.<\/p>\n\n\n\n<p>Comme pour le week-end, c&rsquo;est la visite de tous les \u00e9v\u00e9nements officiels du Concours qui est la plus on\u00e9reuse : en moyenne, les spectateurs paient actuellement 6 069 euros pour des billets leur donnant acc\u00e8s aux neuf \u00e9v\u00e9nements. Au total, les co\u00fbts pour une semaine compl\u00e8te pour assister \u00e0 l\u2019\u00e9v\u00e9nement s&rsquo;\u00e9l\u00e8vent \u00e0 9 426 euros s\u2019ils voyagent en avion.<\/p>\n\n\n\n<p>Les co\u00fbts d&rsquo;une semaine compl\u00e8te pour assister au Concours de la chanson peuvent \u00eatre aper\u00e7us ici en un coup d&rsquo;\u0153il :<\/p>\n\n\n\n!function(){\u00ab\u00a0use strict\u00a0\u00bb;window.addEventListener(\u00ab\u00a0message\u00a0\u00bb,(function(e){if(void 0!==e.data[\u00ab\u00a0datawrapper-height\u00a0\u00bb]){var t=document.querySelectorAll(\u00ab\u00a0iframe\u00a0\u00bb);for(var a in e.data[\u00ab\u00a0datawrapper-height\u00a0\u00bb])for(var r=0;r&lt;t.length;r++){if(t[r].contentWindow===e.source)t[r].style.height=e.data[&quot;datawrapper-height&quot;][a]+&quot;px&quot;}}}))}();\n\n","protected":false},"excerpt":{"rendered":"<p>C&rsquo;est le grand rendez-vous de la musique en Europe : en mai, le Concours Eurovision de la chanson (CEC) aura lieu \u00e0 Turin, en Italie. Lors de la finale, ce sont 25 candidats des diff\u00e9rents pays qui se produiront et se disputeront tous les points du jury et du public international. Vivre cet \u00e9v\u00e9nement de pr\u00e8s est un grand r\u00eave pour de nombreux fans du concours. Belvilla a calcul\u00e9 le co\u00fbt d&rsquo;un voyage le temps d\u2019un week-end avec une place pour la finale et le co\u00fbt d&rsquo;une semaine compl\u00e8te avec tous les \u00e9v\u00e9nements du Concours europ\u00e9en de la chanson ainsi que l&rsquo;h\u00e9bergement, les visites et les repas pour le week-end ainsi que pour la semaine enti\u00e8re.<\/p>\n","protected":false},"author":3,"featured_media":30,"comment_status":"closed","ping_status":"closed","sticky":true,"template":"","format":"standard","meta":{"footnotes":""},"categories":[19],"tags":[],"location":[],"class_list":["post-29","post","type-post","status-publish","format-standard","has-post-thumbnail","hentry","category-discovery"],"acf":[],"yoast_head":"<!-- This site is optimized with the Yoast SEO plugin v27.4 - https:\/\/yoast.com\/product\/yoast-seo-wordpress\/ -->\n<title>Combien \u00e7a co\u00fbte d&#039;\u00eatre au festival de la chanson \u00e0 Turin | Belvilla<\/title>\n<meta name=\"description\" content=\"Combien \u00e7a co\u00fbte d&#039;\u00eatre au festival de la chanson \u00e0 Turin | Belvilla\" \/>\n<meta name=\"robots\" content=\"index, follow, max-snippet:-1, max-image-preview:large, max-video-preview:-1\" \/>\n<link rel=\"canonical\" href=\"https:\/\/fr.belvilla.be\/blog\/participer-festival-chanson-turin\/\" \/>\n<meta property=\"og:locale\" content=\"fr_FR\" \/>\n<meta property=\"og:type\" content=\"article\" \/>\n<meta property=\"og:title\" content=\"Combien \u00e7a co\u00fbte d&#039;\u00eatre au festival de la chanson \u00e0 Turin | Belvilla\" \/>\n<meta property=\"og:description\" content=\"Combien \u00e7a co\u00fbte d&#039;\u00eatre au festival de la chanson \u00e0 Turin | Belvilla\" \/>\n<meta property=\"og:url\" content=\"https:\/\/fr.belvilla.be\/blog\/participer-festival-chanson-turin\/\" \/>\n<meta property=\"og:site_name\" content=\"Belvilla Blog BEFR\" \/>\n<meta property=\"article:published_time\" content=\"2022-05-02T19:55:28+00:00\" \/>\n<meta property=\"article:modified_time\" content=\"2023-08-28T21:36:12+00:00\" \/>\n<meta property=\"og:image\" content=\"https:\/\/fr.belvilla.be\/blog\/wp-content\/uploads\/sites\/2\/2022\/05\/20220503-Eurovision-Song-Contest-.jpg\" \/>\n\t<meta property=\"og:image:width\" content=\"1920\" \/>\n\t<meta property=\"og:image:height\" content=\"1080\" \/>\n\t<meta property=\"og:image:type\" content=\"image\/jpeg\" \/>\n<meta name=\"twitter:card\" content=\"summary_large_image\" \/>\n<meta name=\"twitter:label1\" content=\"\u00c9crit par\" \/>\n\t<meta name=\"twitter:data1\" content=\"\" \/>\n\t<meta name=\"twitter:label2\" content=\"Dur\u00e9e de lecture est.\" \/>\n\t<meta name=\"twitter:data2\" content=\"4 minutes\" \/>\n<script type=\"application\/ld+json\" class=\"yoast-schema-graph\">{\"@context\":\"https:\\\/\\\/schema.org\",\"@graph\":[{\"@type\":\"Article\",\"@id\":\"https:\\\/\\\/fr.belvilla.be\\\/blog\\\/participer-festival-chanson-turin\\\/#article\",\"isPartOf\":{\"@id\":\"https:\\\/\\\/fr.belvilla.be\\\/blog\\\/participer-festival-chanson-turin\\\/\"},\"author\":{\"name\":\"\",\"@id\":\"\"},\"headline\":\"Concours Eurovision de la chanson 2022 \u00e0 Turin : D\u00e9couvrez ce que co\u00fbte le voyage\u00a0\",\"datePublished\":\"2022-05-02T19:55:28+00:00\",\"dateModified\":\"2023-08-28T21:36:12+00:00\",\"mainEntityOfPage\":{\"@id\":\"https:\\\/\\\/fr.belvilla.be\\\/blog\\\/participer-festival-chanson-turin\\\/\"},\"wordCount\":846,\"image\":{\"@id\":\"https:\\\/\\\/fr.belvilla.be\\\/blog\\\/participer-festival-chanson-turin\\\/#primaryimage\"},\"thumbnailUrl\":\"https:\\\/\\\/fr.belvilla.be\\\/blog\\\/wp-content\\\/uploads\\\/sites\\\/2\\\/2022\\\/05\\\/20220503-Eurovision-Song-Contest-.jpg\",\"articleSection\":[\"Discovery\"],\"inLanguage\":\"fr-BE\"},{\"@type\":\"WebPage\",\"@id\":\"https:\\\/\\\/fr.belvilla.be\\\/blog\\\/participer-festival-chanson-turin\\\/\",\"url\":\"https:\\\/\\\/fr.belvilla.be\\\/blog\\\/participer-festival-chanson-turin\\\/\",\"name\":\"Combien \u00e7a co\u00fbte d'\u00eatre au festival de la chanson \u00e0 Turin | Belvilla\",\"isPartOf\":{\"@id\":\"https:\\\/\\\/fr.belvilla.be\\\/blog\\\/#website\"},\"primaryImageOfPage\":{\"@id\":\"https:\\\/\\\/fr.belvilla.be\\\/blog\\\/participer-festival-chanson-turin\\\/#primaryimage\"},\"image\":{\"@id\":\"https:\\\/\\\/fr.belvilla.be\\\/blog\\\/participer-festival-chanson-turin\\\/#primaryimage\"},\"thumbnailUrl\":\"https:\\\/\\\/fr.belvilla.be\\\/blog\\\/wp-content\\\/uploads\\\/sites\\\/2\\\/2022\\\/05\\\/20220503-Eurovision-Song-Contest-.jpg\",\"datePublished\":\"2022-05-02T19:55:28+00:00\",\"dateModified\":\"2023-08-28T21:36:12+00:00\",\"author\":{\"@id\":\"\"},\"description\":\"Combien \u00e7a co\u00fbte d'\u00eatre au festival de la chanson \u00e0 Turin | Belvilla\",\"breadcrumb\":{\"@id\":\"https:\\\/\\\/fr.belvilla.be\\\/blog\\\/participer-festival-chanson-turin\\\/#breadcrumb\"},\"inLanguage\":\"fr-BE\",\"potentialAction\":[{\"@type\":\"ReadAction\",\"target\":[\"https:\\\/\\\/fr.belvilla.be\\\/blog\\\/participer-festival-chanson-turin\\\/\"]}]},{\"@type\":\"ImageObject\",\"inLanguage\":\"fr-BE\",\"@id\":\"https:\\\/\\\/fr.belvilla.be\\\/blog\\\/participer-festival-chanson-turin\\\/#primaryimage\",\"url\":\"https:\\\/\\\/fr.belvilla.be\\\/blog\\\/wp-content\\\/uploads\\\/sites\\\/2\\\/2022\\\/05\\\/20220503-Eurovision-Song-Contest-.jpg\",\"contentUrl\":\"https:\\\/\\\/fr.belvilla.be\\\/blog\\\/wp-content\\\/uploads\\\/sites\\\/2\\\/2022\\\/05\\\/20220503-Eurovision-Song-Contest-.jpg\",\"width\":1920,\"height\":1080},{\"@type\":\"BreadcrumbList\",\"@id\":\"https:\\\/\\\/fr.belvilla.be\\\/blog\\\/participer-festival-chanson-turin\\\/#breadcrumb\",\"itemListElement\":[{\"@type\":\"ListItem\",\"position\":1,\"name\":\"Home\",\"item\":\"https:\\\/\\\/fr.belvilla.be\\\/blog\\\/\"},{\"@type\":\"ListItem\",\"position\":2,\"name\":\"Concours Eurovision de la chanson 2022 \u00e0 Turin : D\u00e9couvrez ce que co\u00fbte le voyage\u00a0\"}]},{\"@type\":\"WebSite\",\"@id\":\"https:\\\/\\\/fr.belvilla.be\\\/blog\\\/#website\",\"url\":\"https:\\\/\\\/fr.belvilla.be\\\/blog\\\/\",\"name\":\"Belvilla Blog BEFR\",\"description\":\"\",\"potentialAction\":[{\"@type\":\"SearchAction\",\"target\":{\"@type\":\"EntryPoint\",\"urlTemplate\":\"https:\\\/\\\/fr.belvilla.be\\\/blog\\\/?s={search_term_string}\"},\"query-input\":{\"@type\":\"PropertyValueSpecification\",\"valueRequired\":true,\"valueName\":\"search_term_string\"}}],\"inLanguage\":\"fr-BE\"},{\"@type\":\"Person\",\"@id\":\"\"}]}<\/script>\n<!-- \/ Yoast SEO plugin. -->","yoast_head_json":{"title":"Combien \u00e7a co\u00fbte d'\u00eatre au festival de la chanson \u00e0 Turin | Belvilla","description":"Combien \u00e7a co\u00fbte d'\u00eatre au festival de la chanson \u00e0 Turin | Belvilla","robots":{"index":"index","follow":"follow","max-snippet":"max-snippet:-1","max-image-preview":"max-image-preview:large","max-video-preview":"max-video-preview:-1"},"canonical":"https:\/\/fr.belvilla.be\/blog\/participer-festival-chanson-turin\/","og_locale":"fr_FR","og_type":"article","og_title":"Combien \u00e7a co\u00fbte d'\u00eatre au festival de la chanson \u00e0 Turin | Belvilla","og_description":"Combien \u00e7a co\u00fbte d'\u00eatre au festival de la chanson \u00e0 Turin | Belvilla","og_url":"https:\/\/fr.belvilla.be\/blog\/participer-festival-chanson-turin\/","og_site_name":"Belvilla Blog BEFR","article_published_time":"2022-05-02T19:55:28+00:00","article_modified_time":"2023-08-28T21:36:12+00:00","og_image":[{"width":1920,"height":1080,"url":"https:\/\/fr.belvilla.be\/blog\/wp-content\/uploads\/sites\/2\/2022\/05\/20220503-Eurovision-Song-Contest-.jpg","type":"image\/jpeg"}],"twitter_card":"summary_large_image","twitter_misc":{"\u00c9crit par":"","Dur\u00e9e de lecture est.":"4 minutes"},"schema":{"@context":"https:\/\/schema.org","@graph":[{"@type":"Article","@id":"https:\/\/fr.belvilla.be\/blog\/participer-festival-chanson-turin\/#article","isPartOf":{"@id":"https:\/\/fr.belvilla.be\/blog\/participer-festival-chanson-turin\/"},"author":{"name":"","@id":""},"headline":"Concours Eurovision de la chanson 2022 \u00e0 Turin : D\u00e9couvrez ce que co\u00fbte le voyage\u00a0","datePublished":"2022-05-02T19:55:28+00:00","dateModified":"2023-08-28T21:36:12+00:00","mainEntityOfPage":{"@id":"https:\/\/fr.belvilla.be\/blog\/participer-festival-chanson-turin\/"},"wordCount":846,"image":{"@id":"https:\/\/fr.belvilla.be\/blog\/participer-festival-chanson-turin\/#primaryimage"},"thumbnailUrl":"https:\/\/fr.belvilla.be\/blog\/wp-content\/uploads\/sites\/2\/2022\/05\/20220503-Eurovision-Song-Contest-.jpg","articleSection":["Discovery"],"inLanguage":"fr-BE"},{"@type":"WebPage","@id":"https:\/\/fr.belvilla.be\/blog\/participer-festival-chanson-turin\/","url":"https:\/\/fr.belvilla.be\/blog\/participer-festival-chanson-turin\/","name":"Combien \u00e7a co\u00fbte d'\u00eatre au festival de la chanson \u00e0 Turin | Belvilla","isPartOf":{"@id":"https:\/\/fr.belvilla.be\/blog\/#website"},"primaryImageOfPage":{"@id":"https:\/\/fr.belvilla.be\/blog\/participer-festival-chanson-turin\/#primaryimage"},"image":{"@id":"https:\/\/fr.belvilla.be\/blog\/participer-festival-chanson-turin\/#primaryimage"},"thumbnailUrl":"https:\/\/fr.belvilla.be\/blog\/wp-content\/uploads\/sites\/2\/2022\/05\/20220503-Eurovision-Song-Contest-.jpg","datePublished":"2022-05-02T19:55:28+00:00","dateModified":"2023-08-28T21:36:12+00:00","author":{"@id":""},"description":"Combien \u00e7a co\u00fbte d'\u00eatre au festival de la chanson \u00e0 Turin | Belvilla","breadcrumb":{"@id":"https:\/\/fr.belvilla.be\/blog\/participer-festival-chanson-turin\/#breadcrumb"},"inLanguage":"fr-BE","potentialAction":[{"@type":"ReadAction","target":["https:\/\/fr.belvilla.be\/blog\/participer-festival-chanson-turin\/"]}]},{"@type":"ImageObject","inLanguage":"fr-BE","@id":"https:\/\/fr.belvilla.be\/blog\/participer-festival-chanson-turin\/#primaryimage","url":"https:\/\/fr.belvilla.be\/blog\/wp-content\/uploads\/sites\/2\/2022\/05\/20220503-Eurovision-Song-Contest-.jpg","contentUrl":"https:\/\/fr.belvilla.be\/blog\/wp-content\/uploads\/sites\/2\/2022\/05\/20220503-Eurovision-Song-Contest-.jpg","width":1920,"height":1080},{"@type":"BreadcrumbList","@id":"https:\/\/fr.belvilla.be\/blog\/participer-festival-chanson-turin\/#breadcrumb","itemListElement":[{"@type":"ListItem","position":1,"name":"Home","item":"https:\/\/fr.belvilla.be\/blog\/"},{"@type":"ListItem","position":2,"name":"Concours Eurovision de la chanson 2022 \u00e0 Turin : D\u00e9couvrez ce que co\u00fbte le voyage\u00a0"}]},{"@type":"WebSite","@id":"https:\/\/fr.belvilla.be\/blog\/#website","url":"https:\/\/fr.belvilla.be\/blog\/","name":"Belvilla Blog BEFR","description":"","potentialAction":[{"@type":"SearchAction","target":{"@type":"EntryPoint","urlTemplate":"https:\/\/fr.belvilla.be\/blog\/?s={search_term_string}"},"query-input":{"@type":"PropertyValueSpecification","valueRequired":true,"valueName":"search_term_string"}}],"inLanguage":"fr-BE"},{"@type":"Person","@id":""}]}},"_links":{"self":[{"href":"https:\/\/fr.belvilla.be\/blog\/wp-json\/wp\/v2\/posts\/29","targetHints":{"allow":["GET"]}}],"collection":[{"href":"https:\/\/fr.belvilla.be\/blog\/wp-json\/wp\/v2\/posts"}],"about":[{"href":"https:\/\/fr.belvilla.be\/blog\/wp-json\/wp\/v2\/types\/post"}],"author":[{"embeddable":true,"href":"https:\/\/fr.belvilla.be\/blog\/wp-json\/wp\/v2\/users\/3"}],"replies":[{"embeddable":true,"href":"https:\/\/fr.belvilla.be\/blog\/wp-json\/wp\/v2\/comments?post=29"}],"version-history":[{"count":13,"href":"https:\/\/fr.belvilla.be\/blog\/wp-json\/wp\/v2\/posts\/29\/revisions"}],"predecessor-version":[{"id":600,"href":"https:\/\/fr.belvilla.be\/blog\/wp-json\/wp\/v2\/posts\/29\/revisions\/600"}],"wp:featuredmedia":[{"embeddable":true,"href":"https:\/\/fr.belvilla.be\/blog\/wp-json\/wp\/v2\/media\/30"}],"wp:attachment":[{"href":"https:\/\/fr.belvilla.be\/blog\/wp-json\/wp\/v2\/media?parent=29"}],"wp:term":[{"taxonomy":"category","embeddable":true,"href":"https:\/\/fr.belvilla.be\/blog\/wp-json\/wp\/v2\/categories?post=29"},{"taxonomy":"post_tag","embeddable":true,"href":"https:\/\/fr.belvilla.be\/blog\/wp-json\/wp\/v2\/tags?post=29"},{"taxonomy":"location","embeddable":true,"href":"https:\/\/fr.belvilla.be\/blog\/wp-json\/wp\/v2\/location?post=29"}],"curies":[{"name":"wp","href":"https:\/\/api.w.org\/{rel}","templated":true}]}}