{"id":230,"date":"2022-09-07T13:35:18","date_gmt":"2022-09-07T13:35:18","guid":{"rendered":"https:\/\/fr.belvilla.be\/blog\/?p=230"},"modified":"2023-08-28T21:36:22","modified_gmt":"2023-08-28T21:36:22","slug":"lhistoire-de-la-maison-de-vacances-durable-a-heiloo","status":"publish","type":"post","link":"https:\/\/fr.belvilla.be\/blog\/lhistoire-de-la-maison-de-vacances-durable-a-heiloo\/","title":{"rendered":"L&rsquo;histoire de la maison de vacances durable \u00e0 Heiloo"},"content":{"rendered":"\n<p>\u00a0\u00bb Il y a deux semaines, il faisait quarante degr\u00e9s de plus en Antarctique, quarante degr\u00e9s de plus ! \u00c7a ne va pas du tout et c&rsquo;est fortement sous-estim\u00e9\u00a0\u00bb.<\/p>\n\n\n\n<p>D\u00e9couvrez Arie, h\u00f4te depuis 2022. Avec sa femme Mari\u00eblle, il a achet\u00e9 <a href=\"https:\/\/fr.belvilla.be\/nl\/100036498\/?checkin=03%2F06%2F2023&amp;checkout=10%2F06%2F2023\"><strong>la ferme<\/strong><\/a> datant de 1876, dans le nord de la Hollande. La maison \u00e9tait autrefois la r\u00e9sidence du ma\u00eetre de la digue qui participait \u00e0 l&rsquo;endiguement du Boekelermeer et elle \u00e9tait construite sur une structure en bois, un excellent mat\u00e9riau de construction bien meilleur que l&rsquo;acier. Arie a pris l&rsquo;initiative de rendre la ferme \u00e9cologique. Auparavant, la maison \u00e9tait chauff\u00e9e par le b\u00e9tail au milieu de la ferme, puis par le charbon, le p\u00e9trole et le gaz. Aujourd&rsquo;hui, tout dans la maison est \u00e9lectrique. Les 15 000 kWh d&rsquo;\u00e9lectricit\u00e9 n\u00e9cessaires au bon fonctionnement sont obtenus gr\u00e2ce \u00e0 des panneaux solaires. Le toit de chaume offrait d\u00e9j\u00e0 une bonne isolation, \u00e0 laquelle s&rsquo;ajoute un m\u00e8tre d&rsquo;isolation suppl\u00e9mentaire avec des plaques PIR, les fen\u00eatres sont toutes en verre isolant HR++, le chauffage est au bois et l&rsquo;\u00e9clairage est constitu\u00e9 d&rsquo;ampoules LED.<\/p>\n\n\n\n<figure class=\"wp-block-image size-large\"><img loading=\"lazy\" decoding=\"async\" width=\"1024\" height=\"682\" src=\"https:\/\/fr.belvilla.be\/blog\/wp-content\/uploads\/sites\/2\/2022\/09\/NL-1852-08-09-1024x682.jpg\" alt=\"\" class=\"wp-image-231\" srcset=\"https:\/\/fr.belvilla.be\/blog\/wp-content\/uploads\/sites\/2\/2022\/09\/NL-1852-08-09-1024x682.jpg 1024w, https:\/\/fr.belvilla.be\/blog\/wp-content\/uploads\/sites\/2\/2022\/09\/NL-1852-08-09-300x200.jpg 300w, https:\/\/fr.belvilla.be\/blog\/wp-content\/uploads\/sites\/2\/2022\/09\/NL-1852-08-09-768x512.jpg 768w, https:\/\/fr.belvilla.be\/blog\/wp-content\/uploads\/sites\/2\/2022\/09\/NL-1852-08-09-1536x1023.jpg 1536w, https:\/\/fr.belvilla.be\/blog\/wp-content\/uploads\/sites\/2\/2022\/09\/NL-1852-08-09-1500x999.jpg 1500w, https:\/\/fr.belvilla.be\/blog\/wp-content\/uploads\/sites\/2\/2022\/09\/NL-1852-08-09.jpg 1920w\" sizes=\"auto, (max-width: 1024px) 100vw, 1024px\" \/><\/figure>\n\n\n\n<p>Arie est professeur de biologie, de chimie et de sciences int\u00e9gr\u00e9es \u00e0 l&rsquo;\u00e9cole europ\u00e9enne de Bergen, o\u00f9 sont scolaris\u00e9s des \u00e9l\u00e8ves de 51 nationalit\u00e9s diff\u00e9rentes. Il a lui-m\u00eame deux filles encore adolescentes. \u00ab\u00a0Les jeunes d&rsquo;aujourd&rsquo;hui voient tr\u00e8s bien ce qui se passe avec le r\u00e9chauffement climatique et sont souvent d\u00e9\u00e7us par notre g\u00e9n\u00e9ration actuelle qui ne fait rien ou pas grand-chose \u00e0 ce sujet. Cela les rend parfois d\u00e9sabus\u00e9s\u00a0\u00bb, explique Arie.<\/p>\n\n\n\n<figure class=\"wp-block-embed is-type-rich is-provider-prise-en-charge-des-contenus-embarques wp-block-embed-prise-en-charge-des-contenus-embarques wp-embed-aspect-16-9 wp-has-aspect-ratio\"><div class=\"wp-block-embed__wrapper\">\n<iframe loading=\"lazy\" title=\"Maisons de vacances \u00e0 l&#039;honneur\" width=\"500\" height=\"281\" src=\"https:\/\/www.youtube.com\/embed\/otpqOxbZo_Q?feature=oembed\" frameborder=\"0\" allow=\"accelerometer; autoplay; clipboard-write; encrypted-media; gyroscope; picture-in-picture; web-share\" referrerpolicy=\"strict-origin-when-cross-origin\" allowfullscreen><\/iframe>\n<\/div><\/figure>\n\n\n\n<p>La famille utilise la ferme pour y vivre pendant les mois d&rsquo;hiver et la loue par le biais de Belvilla pendant l&rsquo;\u00e9t\u00e9. Comme la ferme peut <a href=\"https:\/\/fr.belvilla.be\/nl\/100036498\/?checkin=03%2F06%2F2023&amp;checkout=10%2F06%2F2023\">accueillir 20 personnes<\/a>, elle est tr\u00e8s appr\u00e9ci\u00e9e des grandes familles et des groupes d&rsquo;amis. L&rsquo;immense jardin offre beaucoup d&rsquo;espace pour profiter de l&rsquo;ext\u00e9rieur. Bien qu&rsquo;il s&rsquo;agisse d&rsquo;une \u00ab\u00a0ancienne\u00a0\u00bb ferme, l&rsquo;int\u00e9rieur est tr\u00e8s spacieux et moderne, et un bon nombre d&rsquo;\u00e9l\u00e9ments authentiques ont \u00e9t\u00e9 conserv\u00e9s. En raison de la grande superficie, il est m\u00eame possible de danser tous ensemble, si vous le souhaitez.<\/p>\n\n\n\n<figure class=\"wp-block-image size-large\"><img loading=\"lazy\" decoding=\"async\" width=\"1024\" height=\"768\" src=\"https:\/\/fr.belvilla.be\/blog\/wp-content\/uploads\/sites\/2\/2022\/09\/NL-1852-08-02-1024x768.jpg\" alt=\"\" class=\"wp-image-233\" srcset=\"https:\/\/fr.belvilla.be\/blog\/wp-content\/uploads\/sites\/2\/2022\/09\/NL-1852-08-02-1024x768.jpg 1024w, https:\/\/fr.belvilla.be\/blog\/wp-content\/uploads\/sites\/2\/2022\/09\/NL-1852-08-02-300x225.jpg 300w, https:\/\/fr.belvilla.be\/blog\/wp-content\/uploads\/sites\/2\/2022\/09\/NL-1852-08-02-768x576.jpg 768w, https:\/\/fr.belvilla.be\/blog\/wp-content\/uploads\/sites\/2\/2022\/09\/NL-1852-08-02-1536x1152.jpg 1536w, https:\/\/fr.belvilla.be\/blog\/wp-content\/uploads\/sites\/2\/2022\/09\/NL-1852-08-02-1500x1125.jpg 1500w, https:\/\/fr.belvilla.be\/blog\/wp-content\/uploads\/sites\/2\/2022\/09\/NL-1852-08-02.jpg 1920w\" sizes=\"auto, (max-width: 1024px) 100vw, 1024px\" \/><\/figure>\n\n\n\n<p>La ferme n&rsquo;a aucun impact sur l&rsquo;environnement, gr\u00e2ce aux panneaux solaires qui produisent de l&rsquo;\u00e9lectricit\u00e9, rendant la maison tout \u00e9lectrique, y compris la cuisine. Arie pr\u00e9cise : \u00ab\u00a0Le chauffage central est au bois, celui de notre propre cour o\u00f9 nous plantons \u00e9galement de nouveaux arbres. Le chauffage de l&rsquo;eau est assur\u00e9 par des d\u00e9phaseurs. Un bloc de sel de dix kilos qui passe de l&rsquo;\u00e9tat liquide \u00e0 l&rsquo;\u00e9tat solide lorsqu&rsquo;il y a une demande d&rsquo;eau chaude. Cela se fait en arr\u00eatant les ions qui se d\u00e9placent gr\u00e2ce \u00e0 un signal \u00e9lectrique. Tout ce processus donne suffisamment d&rsquo;\u00e9nergie pour porter 280 litres d&rsquo;eau \u00e0 une temp\u00e9rature de 70 degr\u00e9s. Il suffit de le brancher. C\u2019est un concept simple mais efficace et il ne n\u00e9cessite absolument aucun entretien.\u00a0\u00bb<\/p>\n\n\n\n<figure class=\"wp-block-image size-large\"><img loading=\"lazy\" decoding=\"async\" width=\"1024\" height=\"768\" src=\"https:\/\/fr.belvilla.be\/blog\/wp-content\/uploads\/sites\/2\/2022\/09\/NL-1852-08-03-1024x768.jpg\" alt=\"\" class=\"wp-image-234\" srcset=\"https:\/\/fr.belvilla.be\/blog\/wp-content\/uploads\/sites\/2\/2022\/09\/NL-1852-08-03-1024x768.jpg 1024w, https:\/\/fr.belvilla.be\/blog\/wp-content\/uploads\/sites\/2\/2022\/09\/NL-1852-08-03-300x225.jpg 300w, https:\/\/fr.belvilla.be\/blog\/wp-content\/uploads\/sites\/2\/2022\/09\/NL-1852-08-03-768x576.jpg 768w, https:\/\/fr.belvilla.be\/blog\/wp-content\/uploads\/sites\/2\/2022\/09\/NL-1852-08-03-1536x1152.jpg 1536w, https:\/\/fr.belvilla.be\/blog\/wp-content\/uploads\/sites\/2\/2022\/09\/NL-1852-08-03-1500x1125.jpg 1500w, https:\/\/fr.belvilla.be\/blog\/wp-content\/uploads\/sites\/2\/2022\/09\/NL-1852-08-03.jpg 1920w\" sizes=\"auto, (max-width: 1024px) 100vw, 1024px\" \/><\/figure>\n\n\n\n<p>Parmi les conseils donn\u00e9s aux autres propri\u00e9taires pour rendre leur maison de vacances plus respectueuse de l&rsquo;environnement, il faut toujours commencer par l&rsquo;isolation et les panneaux solaires. Il n&rsquo;y a jamais assez de panneaux solaires pour alimenter la maison de vacances en \u00e9lectricit\u00e9 pour tous les appareils \u00e9lectriques. L&rsquo;isolation permet de garder la chaleur \u00e0 l&rsquo;int\u00e9rieur et le froid \u00e0 l&rsquo;ext\u00e9rieur. Une cuisini\u00e8re \u00e0 induction est \u00e9galement tr\u00e8s respectueuse de l&rsquo;environnement. C&rsquo;est une invention fantastique qui permet de cuisiner gr\u00e2ce \u00e0 un \u00e9lectro-aimant. S&rsquo;il fait trop chaud dans la ferme pendant l&rsquo;\u00e9t\u00e9, la maison est construite de telle sorte qu&rsquo;il suffit d&rsquo;ouvrir quelques fen\u00eatres dans le grenier et au rez-de-chauss\u00e9e pour rafra\u00eechir rapidement la maison. Cet effet de soufflerie \u00e9tait autrefois utilis\u00e9 pour s\u00e9cher plus rapidement le foin.<\/p>\n\n\n\n<figure class=\"wp-block-image size-large\"><img loading=\"lazy\" decoding=\"async\" width=\"1024\" height=\"682\" src=\"https:\/\/fr.belvilla.be\/blog\/wp-content\/uploads\/sites\/2\/2022\/09\/NL-1852-08-10-1024x682.jpg\" alt=\"\" class=\"wp-image-235\" srcset=\"https:\/\/fr.belvilla.be\/blog\/wp-content\/uploads\/sites\/2\/2022\/09\/NL-1852-08-10-1024x682.jpg 1024w, https:\/\/fr.belvilla.be\/blog\/wp-content\/uploads\/sites\/2\/2022\/09\/NL-1852-08-10-300x200.jpg 300w, https:\/\/fr.belvilla.be\/blog\/wp-content\/uploads\/sites\/2\/2022\/09\/NL-1852-08-10-768x512.jpg 768w, https:\/\/fr.belvilla.be\/blog\/wp-content\/uploads\/sites\/2\/2022\/09\/NL-1852-08-10-1536x1023.jpg 1536w, https:\/\/fr.belvilla.be\/blog\/wp-content\/uploads\/sites\/2\/2022\/09\/NL-1852-08-10-1500x999.jpg 1500w, https:\/\/fr.belvilla.be\/blog\/wp-content\/uploads\/sites\/2\/2022\/09\/NL-1852-08-10.jpg 1920w\" sizes=\"auto, (max-width: 1024px) 100vw, 1024px\" \/><\/figure>\n\n\n\n<p>En tant que client, il est \u00e9galement important de se comporter de mani\u00e8re plus responsable. La maison de vacances est \u00e9cologique, mais la personne qui y s\u00e9journe doit aussi agir de mani\u00e8re \u00e9cologique pendant son s\u00e9jour. Les d\u00e9chets doivent \u00eatre tri\u00e9s, il est important de ne pas tout jeter ensemble. Il faut \u00e9galement accepter qu&rsquo;il ne doit pas forc\u00e9ment faire 21 degr\u00e9s en permanence, ce qui est une \u00e9tape vers un avenir plus durable.<\/p>\n\n\n\n<p>\u00ab\u00a0Quand j&rsquo;\u00e9tais \u00e9tudiant, on parlait de tourisme durable, mais si vous le faites de cette mani\u00e8re, avec une empreinte carbone de z\u00e9ro, alors on se rapproche du tourisme r\u00e9ellement durable.\u00a0\u00bb<\/p>\n\n\n\n<p>De nombreuses personnes qui s\u00e9journent dans cette ferme font du tourisme. Les environs de la Hollande du Nord peuvent facilement \u00eatre explor\u00e9s \u00e0 v\u00e9lo. Vous \u00eates ici \u00e0 proximit\u00e9 de la plage de la mer du Nord et de l&rsquo;autre c\u00f4t\u00e9, vous trouvez le lac Markermeer. Les N\u00e9erlandais consid\u00e8rent comme acquis les nombreuses pistes et itin\u00e9raires cyclables, mais les visiteurs \u00e9trangers les appr\u00e9cient beaucoup. Il est facile de se rendre \u00e0 la plage \u00e0 v\u00e9lo, de traverser les dunes naturelles et la ville d&rsquo;Alkmaar, avec son c\u00e9l\u00e8bre march\u00e9 aux fromages, qui est \u00e9galement toute proche. Au printemps, les champs de fleurs de cette r\u00e9gion sont \u00e0 ne pas manquer.<\/p>\n\n\n\n<figure class=\"wp-block-image size-large\"><img loading=\"lazy\" decoding=\"async\" width=\"1024\" height=\"682\" src=\"https:\/\/fr.belvilla.be\/blog\/wp-content\/uploads\/sites\/2\/2022\/09\/NL-1852-08-08-1024x682.jpg\" alt=\"\" class=\"wp-image-236\" srcset=\"https:\/\/fr.belvilla.be\/blog\/wp-content\/uploads\/sites\/2\/2022\/09\/NL-1852-08-08-1024x682.jpg 1024w, https:\/\/fr.belvilla.be\/blog\/wp-content\/uploads\/sites\/2\/2022\/09\/NL-1852-08-08-300x200.jpg 300w, https:\/\/fr.belvilla.be\/blog\/wp-content\/uploads\/sites\/2\/2022\/09\/NL-1852-08-08-768x512.jpg 768w, https:\/\/fr.belvilla.be\/blog\/wp-content\/uploads\/sites\/2\/2022\/09\/NL-1852-08-08-1536x1023.jpg 1536w, https:\/\/fr.belvilla.be\/blog\/wp-content\/uploads\/sites\/2\/2022\/09\/NL-1852-08-08-1500x999.jpg 1500w, https:\/\/fr.belvilla.be\/blog\/wp-content\/uploads\/sites\/2\/2022\/09\/NL-1852-08-08.jpg 1920w\" sizes=\"auto, (max-width: 1024px) 100vw, 1024px\" \/><\/figure>\n\n\n\n<p>La maison est \u00e9quip\u00e9e du WIFI \u00e0 haut d\u00e9bit car la fibre optique est maintenant disponible dans la p\u00e9riph\u00e9rie de la Hollande du Nord. Ceci est tr\u00e8s important car aujourd&rsquo;hui tout le monde apporte t\u00e9l\u00e9phones et tablettes lorsqu&rsquo;il part en vacances. Un autre loisir de la propri\u00e9taire, que l&rsquo;on peut en partie admirer dans la maison, est de collectionner et de vendre toutes sortes de vaisselle. Mari\u00eblle est une sp\u00e9cialiste, puisque sa m\u00e8re poss\u00e8de une boutique \u00e0 Alkmaar.<\/p>\n","protected":false},"excerpt":{"rendered":"<p>\u00a0\u00bb Il y a deux semaines, il faisait quarante degr\u00e9s de plus en Antarctique, quarante degr\u00e9s de plus ! \u00c7a&hellip;<\/p>\n","protected":false},"author":9,"featured_media":237,"comment_status":"open","ping_status":"open","sticky":false,"template":"","format":"standard","meta":{"footnotes":""},"categories":[1],"tags":[],"location":[],"class_list":["post-230","post","type-post","status-publish","format-standard","has-post-thumbnail","hentry","category-uncategorized"],"acf":[],"yoast_head":"<!-- This site is optimized with the Yoast SEO plugin v27.4 - https:\/\/yoast.com\/product\/yoast-seo-wordpress\/ -->\n<title>L&#039;histoire de la maison de vacances durable \u00e0 Heiloo<\/title>\n<meta name=\"description\" content=\"Il y a deux semaines, il faisait quarante degr\u00e9s de plus en Antarctique, quarante degr\u00e9s de plus ! \u00c7a ne va pas du tout et c&#039;est fortement sous-estim\u00e9.\" \/>\n<meta name=\"robots\" content=\"index, follow, max-snippet:-1, max-image-preview:large, max-video-preview:-1\" \/>\n<link rel=\"canonical\" href=\"https:\/\/fr.belvilla.be\/blog\/lhistoire-de-la-maison-de-vacances-durable-a-heiloo\/\" \/>\n<meta property=\"og:locale\" content=\"fr_FR\" \/>\n<meta property=\"og:type\" content=\"article\" \/>\n<meta property=\"og:title\" content=\"L&#039;histoire de la maison de vacances durable \u00e0 Heiloo\" \/>\n<meta property=\"og:description\" content=\"Il y a deux semaines, il faisait quarante degr\u00e9s de plus en Antarctique, quarante degr\u00e9s de plus ! \u00c7a ne va pas du tout et c&#039;est fortement sous-estim\u00e9.\" \/>\n<meta property=\"og:url\" content=\"https:\/\/fr.belvilla.be\/blog\/lhistoire-de-la-maison-de-vacances-durable-a-heiloo\/\" \/>\n<meta property=\"og:site_name\" content=\"Belvilla Blog BEFR\" \/>\n<meta property=\"article:published_time\" content=\"2022-09-07T13:35:18+00:00\" \/>\n<meta property=\"article:modified_time\" content=\"2023-08-28T21:36:22+00:00\" \/>\n<meta property=\"og:image\" content=\"https:\/\/fr.belvilla.be\/blog\/wp-content\/uploads\/sites\/2\/2022\/09\/NL-1852-08-01.jpg\" \/>\n\t<meta property=\"og:image:width\" content=\"1920\" \/>\n\t<meta property=\"og:image:height\" content=\"1440\" \/>\n\t<meta property=\"og:image:type\" content=\"image\/jpeg\" \/>\n<meta name=\"author\" content=\"Laxmi Pujari\" \/>\n<meta name=\"twitter:card\" content=\"summary_large_image\" \/>\n<meta name=\"twitter:label1\" content=\"\u00c9crit par\" \/>\n\t<meta name=\"twitter:data1\" content=\"Laxmi Pujari\" \/>\n\t<meta name=\"twitter:label2\" content=\"Dur\u00e9e de lecture est.\" \/>\n\t<meta name=\"twitter:data2\" content=\"6 minutes\" \/>\n<script type=\"application\/ld+json\" class=\"yoast-schema-graph\">{\"@context\":\"https:\\\/\\\/schema.org\",\"@graph\":[{\"@type\":\"Article\",\"@id\":\"https:\\\/\\\/fr.belvilla.be\\\/blog\\\/lhistoire-de-la-maison-de-vacances-durable-a-heiloo\\\/#article\",\"isPartOf\":{\"@id\":\"https:\\\/\\\/fr.belvilla.be\\\/blog\\\/lhistoire-de-la-maison-de-vacances-durable-a-heiloo\\\/\"},\"author\":{\"name\":\"Laxmi Pujari\",\"@id\":\"https:\\\/\\\/fr.belvilla.be\\\/blog\\\/#\\\/schema\\\/person\\\/38dd467234e64254fdad57010404ef35\"},\"headline\":\"L&rsquo;histoire de la maison de vacances durable \u00e0 Heiloo\",\"datePublished\":\"2022-09-07T13:35:18+00:00\",\"dateModified\":\"2023-08-28T21:36:22+00:00\",\"mainEntityOfPage\":{\"@id\":\"https:\\\/\\\/fr.belvilla.be\\\/blog\\\/lhistoire-de-la-maison-de-vacances-durable-a-heiloo\\\/\"},\"wordCount\":1019,\"commentCount\":0,\"image\":{\"@id\":\"https:\\\/\\\/fr.belvilla.be\\\/blog\\\/lhistoire-de-la-maison-de-vacances-durable-a-heiloo\\\/#primaryimage\"},\"thumbnailUrl\":\"https:\\\/\\\/fr.belvilla.be\\\/blog\\\/wp-content\\\/uploads\\\/sites\\\/2\\\/2022\\\/09\\\/NL-1852-08-01.jpg\",\"articleSection\":[\"Uncategorized\"],\"inLanguage\":\"fr-BE\",\"potentialAction\":[{\"@type\":\"CommentAction\",\"name\":\"Comment\",\"target\":[\"https:\\\/\\\/fr.belvilla.be\\\/blog\\\/lhistoire-de-la-maison-de-vacances-durable-a-heiloo\\\/#respond\"]}]},{\"@type\":\"WebPage\",\"@id\":\"https:\\\/\\\/fr.belvilla.be\\\/blog\\\/lhistoire-de-la-maison-de-vacances-durable-a-heiloo\\\/\",\"url\":\"https:\\\/\\\/fr.belvilla.be\\\/blog\\\/lhistoire-de-la-maison-de-vacances-durable-a-heiloo\\\/\",\"name\":\"L'histoire de la maison de vacances durable \u00e0 Heiloo\",\"isPartOf\":{\"@id\":\"https:\\\/\\\/fr.belvilla.be\\\/blog\\\/#website\"},\"primaryImageOfPage\":{\"@id\":\"https:\\\/\\\/fr.belvilla.be\\\/blog\\\/lhistoire-de-la-maison-de-vacances-durable-a-heiloo\\\/#primaryimage\"},\"image\":{\"@id\":\"https:\\\/\\\/fr.belvilla.be\\\/blog\\\/lhistoire-de-la-maison-de-vacances-durable-a-heiloo\\\/#primaryimage\"},\"thumbnailUrl\":\"https:\\\/\\\/fr.belvilla.be\\\/blog\\\/wp-content\\\/uploads\\\/sites\\\/2\\\/2022\\\/09\\\/NL-1852-08-01.jpg\",\"datePublished\":\"2022-09-07T13:35:18+00:00\",\"dateModified\":\"2023-08-28T21:36:22+00:00\",\"author\":{\"@id\":\"https:\\\/\\\/fr.belvilla.be\\\/blog\\\/#\\\/schema\\\/person\\\/38dd467234e64254fdad57010404ef35\"},\"description\":\"Il y a deux semaines, il faisait quarante degr\u00e9s de plus en Antarctique, quarante degr\u00e9s de plus ! \u00c7a ne va pas du tout et c'est fortement sous-estim\u00e9.\",\"breadcrumb\":{\"@id\":\"https:\\\/\\\/fr.belvilla.be\\\/blog\\\/lhistoire-de-la-maison-de-vacances-durable-a-heiloo\\\/#breadcrumb\"},\"inLanguage\":\"fr-BE\",\"potentialAction\":[{\"@type\":\"ReadAction\",\"target\":[\"https:\\\/\\\/fr.belvilla.be\\\/blog\\\/lhistoire-de-la-maison-de-vacances-durable-a-heiloo\\\/\"]}]},{\"@type\":\"ImageObject\",\"inLanguage\":\"fr-BE\",\"@id\":\"https:\\\/\\\/fr.belvilla.be\\\/blog\\\/lhistoire-de-la-maison-de-vacances-durable-a-heiloo\\\/#primaryimage\",\"url\":\"https:\\\/\\\/fr.belvilla.be\\\/blog\\\/wp-content\\\/uploads\\\/sites\\\/2\\\/2022\\\/09\\\/NL-1852-08-01.jpg\",\"contentUrl\":\"https:\\\/\\\/fr.belvilla.be\\\/blog\\\/wp-content\\\/uploads\\\/sites\\\/2\\\/2022\\\/09\\\/NL-1852-08-01.jpg\",\"width\":1920,\"height\":1440},{\"@type\":\"BreadcrumbList\",\"@id\":\"https:\\\/\\\/fr.belvilla.be\\\/blog\\\/lhistoire-de-la-maison-de-vacances-durable-a-heiloo\\\/#breadcrumb\",\"itemListElement\":[{\"@type\":\"ListItem\",\"position\":1,\"name\":\"Home\",\"item\":\"https:\\\/\\\/fr.belvilla.be\\\/blog\\\/\"},{\"@type\":\"ListItem\",\"position\":2,\"name\":\"L&rsquo;histoire de la maison de vacances durable \u00e0 Heiloo\"}]},{\"@type\":\"WebSite\",\"@id\":\"https:\\\/\\\/fr.belvilla.be\\\/blog\\\/#website\",\"url\":\"https:\\\/\\\/fr.belvilla.be\\\/blog\\\/\",\"name\":\"Belvilla Blog BEFR\",\"description\":\"\",\"potentialAction\":[{\"@type\":\"SearchAction\",\"target\":{\"@type\":\"EntryPoint\",\"urlTemplate\":\"https:\\\/\\\/fr.belvilla.be\\\/blog\\\/?s={search_term_string}\"},\"query-input\":{\"@type\":\"PropertyValueSpecification\",\"valueRequired\":true,\"valueName\":\"search_term_string\"}}],\"inLanguage\":\"fr-BE\"},{\"@type\":\"Person\",\"@id\":\"https:\\\/\\\/fr.belvilla.be\\\/blog\\\/#\\\/schema\\\/person\\\/38dd467234e64254fdad57010404ef35\",\"name\":\"Laxmi Pujari\",\"image\":{\"@type\":\"ImageObject\",\"inLanguage\":\"fr-BE\",\"@id\":\"https:\\\/\\\/secure.gravatar.com\\\/avatar\\\/41a4d7e7236c379a31d6df59d9ae82678e141eb96c9437e6158cc1c26806cd52?s=96&d=mm&r=g\",\"url\":\"https:\\\/\\\/secure.gravatar.com\\\/avatar\\\/41a4d7e7236c379a31d6df59d9ae82678e141eb96c9437e6158cc1c26806cd52?s=96&d=mm&r=g\",\"contentUrl\":\"https:\\\/\\\/secure.gravatar.com\\\/avatar\\\/41a4d7e7236c379a31d6df59d9ae82678e141eb96c9437e6158cc1c26806cd52?s=96&d=mm&r=g\",\"caption\":\"Laxmi Pujari\"}}]}<\/script>\n<!-- \/ Yoast SEO plugin. -->","yoast_head_json":{"title":"L'histoire de la maison de vacances durable \u00e0 Heiloo","description":"Il y a deux semaines, il faisait quarante degr\u00e9s de plus en Antarctique, quarante degr\u00e9s de plus ! \u00c7a ne va pas du tout et c'est fortement sous-estim\u00e9.","robots":{"index":"index","follow":"follow","max-snippet":"max-snippet:-1","max-image-preview":"max-image-preview:large","max-video-preview":"max-video-preview:-1"},"canonical":"https:\/\/fr.belvilla.be\/blog\/lhistoire-de-la-maison-de-vacances-durable-a-heiloo\/","og_locale":"fr_FR","og_type":"article","og_title":"L'histoire de la maison de vacances durable \u00e0 Heiloo","og_description":"Il y a deux semaines, il faisait quarante degr\u00e9s de plus en Antarctique, quarante degr\u00e9s de plus ! \u00c7a ne va pas du tout et c'est fortement sous-estim\u00e9.","og_url":"https:\/\/fr.belvilla.be\/blog\/lhistoire-de-la-maison-de-vacances-durable-a-heiloo\/","og_site_name":"Belvilla Blog BEFR","article_published_time":"2022-09-07T13:35:18+00:00","article_modified_time":"2023-08-28T21:36:22+00:00","og_image":[{"width":1920,"height":1440,"url":"https:\/\/fr.belvilla.be\/blog\/wp-content\/uploads\/sites\/2\/2022\/09\/NL-1852-08-01.jpg","type":"image\/jpeg"}],"author":"Laxmi Pujari","twitter_card":"summary_large_image","twitter_misc":{"\u00c9crit par":"Laxmi Pujari","Dur\u00e9e de lecture est.":"6 minutes"},"schema":{"@context":"https:\/\/schema.org","@graph":[{"@type":"Article","@id":"https:\/\/fr.belvilla.be\/blog\/lhistoire-de-la-maison-de-vacances-durable-a-heiloo\/#article","isPartOf":{"@id":"https:\/\/fr.belvilla.be\/blog\/lhistoire-de-la-maison-de-vacances-durable-a-heiloo\/"},"author":{"name":"Laxmi Pujari","@id":"https:\/\/fr.belvilla.be\/blog\/#\/schema\/person\/38dd467234e64254fdad57010404ef35"},"headline":"L&rsquo;histoire de la maison de vacances durable \u00e0 Heiloo","datePublished":"2022-09-07T13:35:18+00:00","dateModified":"2023-08-28T21:36:22+00:00","mainEntityOfPage":{"@id":"https:\/\/fr.belvilla.be\/blog\/lhistoire-de-la-maison-de-vacances-durable-a-heiloo\/"},"wordCount":1019,"commentCount":0,"image":{"@id":"https:\/\/fr.belvilla.be\/blog\/lhistoire-de-la-maison-de-vacances-durable-a-heiloo\/#primaryimage"},"thumbnailUrl":"https:\/\/fr.belvilla.be\/blog\/wp-content\/uploads\/sites\/2\/2022\/09\/NL-1852-08-01.jpg","articleSection":["Uncategorized"],"inLanguage":"fr-BE","potentialAction":[{"@type":"CommentAction","name":"Comment","target":["https:\/\/fr.belvilla.be\/blog\/lhistoire-de-la-maison-de-vacances-durable-a-heiloo\/#respond"]}]},{"@type":"WebPage","@id":"https:\/\/fr.belvilla.be\/blog\/lhistoire-de-la-maison-de-vacances-durable-a-heiloo\/","url":"https:\/\/fr.belvilla.be\/blog\/lhistoire-de-la-maison-de-vacances-durable-a-heiloo\/","name":"L'histoire de la maison de vacances durable \u00e0 Heiloo","isPartOf":{"@id":"https:\/\/fr.belvilla.be\/blog\/#website"},"primaryImageOfPage":{"@id":"https:\/\/fr.belvilla.be\/blog\/lhistoire-de-la-maison-de-vacances-durable-a-heiloo\/#primaryimage"},"image":{"@id":"https:\/\/fr.belvilla.be\/blog\/lhistoire-de-la-maison-de-vacances-durable-a-heiloo\/#primaryimage"},"thumbnailUrl":"https:\/\/fr.belvilla.be\/blog\/wp-content\/uploads\/sites\/2\/2022\/09\/NL-1852-08-01.jpg","datePublished":"2022-09-07T13:35:18+00:00","dateModified":"2023-08-28T21:36:22+00:00","author":{"@id":"https:\/\/fr.belvilla.be\/blog\/#\/schema\/person\/38dd467234e64254fdad57010404ef35"},"description":"Il y a deux semaines, il faisait quarante degr\u00e9s de plus en Antarctique, quarante degr\u00e9s de plus ! \u00c7a ne va pas du tout et c'est fortement sous-estim\u00e9.","breadcrumb":{"@id":"https:\/\/fr.belvilla.be\/blog\/lhistoire-de-la-maison-de-vacances-durable-a-heiloo\/#breadcrumb"},"inLanguage":"fr-BE","potentialAction":[{"@type":"ReadAction","target":["https:\/\/fr.belvilla.be\/blog\/lhistoire-de-la-maison-de-vacances-durable-a-heiloo\/"]}]},{"@type":"ImageObject","inLanguage":"fr-BE","@id":"https:\/\/fr.belvilla.be\/blog\/lhistoire-de-la-maison-de-vacances-durable-a-heiloo\/#primaryimage","url":"https:\/\/fr.belvilla.be\/blog\/wp-content\/uploads\/sites\/2\/2022\/09\/NL-1852-08-01.jpg","contentUrl":"https:\/\/fr.belvilla.be\/blog\/wp-content\/uploads\/sites\/2\/2022\/09\/NL-1852-08-01.jpg","width":1920,"height":1440},{"@type":"BreadcrumbList","@id":"https:\/\/fr.belvilla.be\/blog\/lhistoire-de-la-maison-de-vacances-durable-a-heiloo\/#breadcrumb","itemListElement":[{"@type":"ListItem","position":1,"name":"Home","item":"https:\/\/fr.belvilla.be\/blog\/"},{"@type":"ListItem","position":2,"name":"L&rsquo;histoire de la maison de vacances durable \u00e0 Heiloo"}]},{"@type":"WebSite","@id":"https:\/\/fr.belvilla.be\/blog\/#website","url":"https:\/\/fr.belvilla.be\/blog\/","name":"Belvilla Blog BEFR","description":"","potentialAction":[{"@type":"SearchAction","target":{"@type":"EntryPoint","urlTemplate":"https:\/\/fr.belvilla.be\/blog\/?s={search_term_string}"},"query-input":{"@type":"PropertyValueSpecification","valueRequired":true,"valueName":"search_term_string"}}],"inLanguage":"fr-BE"},{"@type":"Person","@id":"https:\/\/fr.belvilla.be\/blog\/#\/schema\/person\/38dd467234e64254fdad57010404ef35","name":"Laxmi Pujari","image":{"@type":"ImageObject","inLanguage":"fr-BE","@id":"https:\/\/secure.gravatar.com\/avatar\/41a4d7e7236c379a31d6df59d9ae82678e141eb96c9437e6158cc1c26806cd52?s=96&d=mm&r=g","url":"https:\/\/secure.gravatar.com\/avatar\/41a4d7e7236c379a31d6df59d9ae82678e141eb96c9437e6158cc1c26806cd52?s=96&d=mm&r=g","contentUrl":"https:\/\/secure.gravatar.com\/avatar\/41a4d7e7236c379a31d6df59d9ae82678e141eb96c9437e6158cc1c26806cd52?s=96&d=mm&r=g","caption":"Laxmi Pujari"}}]}},"_links":{"self":[{"href":"https:\/\/fr.belvilla.be\/blog\/wp-json\/wp\/v2\/posts\/230","targetHints":{"allow":["GET"]}}],"collection":[{"href":"https:\/\/fr.belvilla.be\/blog\/wp-json\/wp\/v2\/posts"}],"about":[{"href":"https:\/\/fr.belvilla.be\/blog\/wp-json\/wp\/v2\/types\/post"}],"author":[{"embeddable":true,"href":"https:\/\/fr.belvilla.be\/blog\/wp-json\/wp\/v2\/users\/9"}],"replies":[{"embeddable":true,"href":"https:\/\/fr.belvilla.be\/blog\/wp-json\/wp\/v2\/comments?post=230"}],"version-history":[{"count":9,"href":"https:\/\/fr.belvilla.be\/blog\/wp-json\/wp\/v2\/posts\/230\/revisions"}],"predecessor-version":[{"id":602,"href":"https:\/\/fr.belvilla.be\/blog\/wp-json\/wp\/v2\/posts\/230\/revisions\/602"}],"wp:featuredmedia":[{"embeddable":true,"href":"https:\/\/fr.belvilla.be\/blog\/wp-json\/wp\/v2\/media\/237"}],"wp:attachment":[{"href":"https:\/\/fr.belvilla.be\/blog\/wp-json\/wp\/v2\/media?parent=230"}],"wp:term":[{"taxonomy":"category","embeddable":true,"href":"https:\/\/fr.belvilla.be\/blog\/wp-json\/wp\/v2\/categories?post=230"},{"taxonomy":"post_tag","embeddable":true,"href":"https:\/\/fr.belvilla.be\/blog\/wp-json\/wp\/v2\/tags?post=230"},{"taxonomy":"location","embeddable":true,"href":"https:\/\/fr.belvilla.be\/blog\/wp-json\/wp\/v2\/location?post=230"}],"curies":[{"name":"wp","href":"https:\/\/api.w.org\/{rel}","templated":true}]}}