{"id":135,"date":"2022-06-25T10:10:53","date_gmt":"2022-06-25T10:10:53","guid":{"rendered":"https:\/\/fr.belvilla.be\/blog\/?p=135"},"modified":"2023-08-28T21:36:58","modified_gmt":"2023-08-28T21:36:58","slug":"lhistoire-unique-racontee-par-le-proprietaire","status":"publish","type":"post","link":"https:\/\/fr.belvilla.be\/blog\/lhistoire-unique-racontee-par-le-proprietaire\/","title":{"rendered":"L&rsquo;histoire unique, racont\u00e9e par le propri\u00e9taire"},"content":{"rendered":"\n<p><em><strong>D\u00e9couvrez Jos<\/strong><\/em><\/p>\n\n\n\n<p>H\u00f4te depuis 2015 et fier des r\u00e9compenses qu&rsquo;ils ont remport\u00e9es, lesquelles occupent toutes une place de choix sur son mur. Jos et sa femme Elly accueillent chaque client personnellement, certains restant une semaine ou plus tandis que d&rsquo;autres viennent pour seulement un week-end. Jos et Elly veillent toujours \u00e0 prendre contact personnellement avec chaque invit\u00e9.<\/p>\n\n\n\n<p>La maison de vacances se trouve au milieu d&rsquo;une zone bois\u00e9e dans la partie germanophone de la Belgique. La maison a \u00e9t\u00e9 construite pour de la location de vacances et constitue un investissement int\u00e9ressant pour l&rsquo;avenir. Jos se rendait souvent dans cette r\u00e9gion avec son cyclomoteur et garde un bon souvenir de cet endroit vallonn\u00e9. L&#8217;emplacement pour une maison de vacances a donc \u00e9t\u00e9 vite trouv\u00e9. Il est possible de faire de longues balades dans les bois et d&rsquo;observer de nombreux animaux sauvages.<\/p>\n\n\n\n<figure class=\"wp-block-image size-large\"><img loading=\"lazy\" decoding=\"async\" width=\"1024\" height=\"683\" src=\"https:\/\/fr.belvilla.be\/blog\/wp-content\/uploads\/sites\/2\/2022\/06\/BE-4750-41-01-1024x683.jpg\" alt=\"\" class=\"wp-image-136\" srcset=\"https:\/\/fr.belvilla.be\/blog\/wp-content\/uploads\/sites\/2\/2022\/06\/BE-4750-41-01-1024x683.jpg 1024w, https:\/\/fr.belvilla.be\/blog\/wp-content\/uploads\/sites\/2\/2022\/06\/BE-4750-41-01-300x200.jpg 300w, https:\/\/fr.belvilla.be\/blog\/wp-content\/uploads\/sites\/2\/2022\/06\/BE-4750-41-01-768x512.jpg 768w, https:\/\/fr.belvilla.be\/blog\/wp-content\/uploads\/sites\/2\/2022\/06\/BE-4750-41-01-1536x1025.jpg 1536w, https:\/\/fr.belvilla.be\/blog\/wp-content\/uploads\/sites\/2\/2022\/06\/BE-4750-41-01.jpg 1920w\" sizes=\"auto, (max-width: 1024px) 100vw, 1024px\" \/><\/figure>\n\n\n\n<p>\u00c0 cette \u00e9poque, Jos avait une cliente qu&rsquo;il aidait dans ses activit\u00e9s financi\u00e8res. Comme elle a perdu une jambe dans un grave accident, il a pens\u00e9 \u00e0 adapter sa <a href=\"https:\/\/fr.belvilla.be\/maison-de-vacances-personnes-handicapees\/\" target=\"_blank\" rel=\"noreferrer noopener\"><strong>maison de vacances aux personnes \u00e0 mobilit\u00e9 r\u00e9duite<\/strong>.<\/a> Cette dame lui a en effet fait part de ses difficult\u00e9s \u00e0 trouver une bonne maison de vacances o\u00f9 elle pouvait passer ses vacances avec le reste de sa famille.<\/p>\n\n\n\n<p>Le beau-fr\u00e8re de Jos est un homme tr\u00e8s bricoleur et rapidement, la chambre \u00e0 coucher du rez-de-chauss\u00e9e a \u00e9t\u00e9 adapt\u00e9e \u00e0 tous les besoins des personnes \u00e0 mobilit\u00e9 r\u00e9duite. La salle de bains mitoyenne a \u00e9galement fait l&rsquo;objet d&rsquo;un r\u00e9am\u00e9nagement complet afin d&rsquo;y cr\u00e9er un espace suffisant.<\/p>\n\n\n\n\n\n\n\n<p>Jos est un homme d&rsquo;affaires dans l&rsquo;\u00e2me et comprend tr\u00e8s bien que les am\u00e9nagements apport\u00e9s \u00e0 sa maison attirent un nouveau type de client\u00e8le qui saura appr\u00e9cier ces am\u00e9liorations \u00e0 leur juste valeur. Les avis sur la maison ont \u00e9galement augment\u00e9 de fa\u00e7on positive depuis, pour une note de 4,7 sur 5. Les personnes voyageant avec une personne \u00e0 mobilit\u00e9 r\u00e9duite s&rsquo;\u00e9changent aussi des recommandations par le biais du bouche-\u00e0-oreille lorsqu&rsquo;un s\u00e9jour s&rsquo;est bien d\u00e9roul\u00e9. 30 % des clients s\u00e9journant dans sa maison de vacances comptent une personne \u00e0 mobilit\u00e9 r\u00e9duite parmi eux. Comme le nombre de <strong><a href=\"https:\/\/fr.belvilla.be\/be\/100016990\/?checkin=15%2F07%2F2022&amp;checkout=22%2F07%2F2022\" target=\"_blank\" rel=\"noreferrer noopener\">maisons de vacances o\u00f9 les personnes handicap\u00e9es peuvent s\u00e9journer<\/a><\/strong> est encore tr\u00e8s faible, Jos a combl\u00e9 ce vide sur le march\u00e9.<\/p>\n\n\n\n<figure class=\"wp-block-image size-large\"><img loading=\"lazy\" decoding=\"async\" width=\"1024\" height=\"705\" src=\"https:\/\/fr.belvilla.be\/blog\/wp-content\/uploads\/sites\/2\/2022\/06\/BE-4750-41-03-1024x705.jpg\" alt=\"\" class=\"wp-image-137\" srcset=\"https:\/\/fr.belvilla.be\/blog\/wp-content\/uploads\/sites\/2\/2022\/06\/BE-4750-41-03-1024x705.jpg 1024w, https:\/\/fr.belvilla.be\/blog\/wp-content\/uploads\/sites\/2\/2022\/06\/BE-4750-41-03-300x206.jpg 300w, https:\/\/fr.belvilla.be\/blog\/wp-content\/uploads\/sites\/2\/2022\/06\/BE-4750-41-03-768x528.jpg 768w, https:\/\/fr.belvilla.be\/blog\/wp-content\/uploads\/sites\/2\/2022\/06\/BE-4750-41-03-1536x1057.jpg 1536w, https:\/\/fr.belvilla.be\/blog\/wp-content\/uploads\/sites\/2\/2022\/06\/BE-4750-41-03.jpg 1920w\" sizes=\"auto, (max-width: 1024px) 100vw, 1024px\" \/><\/figure>\n\n\n\n<p>Jos et son \u00e9pouse ont proc\u00e9d\u00e9 \u00e0 plusieurs modifications et ont divis\u00e9 leur maison en deux parties. \u00c0 l&rsquo;\u00e9tage se trouvent les chambres \u00ab\u00a0\u00a0\u00bbordinaires\u00a0\u00bb\u00a0\u00bb o\u00f9 il y a aussi de la place pour se d\u00e9tendre. Au rez-de-chauss\u00e9e, on trouve la grande chambre, mentionn\u00e9e pr\u00e9c\u00e9demment, avec une salle de bains enti\u00e8rement adapt\u00e9e aux personnes \u00e0 mobilit\u00e9 r\u00e9duite. La douche est adapt\u00e9e aux fauteuils roulants, les portes en verre s&rsquo;ouvrent compl\u00e8tement et un fauteuil roulant permet de se positionner sous la douche. De plus, par exemple, le lit peut \u00eatre abaiss\u00e9 pour faciliter la mont\u00e9e et la descente, mais il peut aussi \u00eatre relev\u00e9 au cas o\u00f9 quelqu&rsquo;un aurait besoin de soins. Il existe m\u00eame une t\u00e9l\u00e9commande pour allumer et \u00e9teindre les lumi\u00e8res, ce qui \u00e9vite de devoir sortir du lit.<\/p>\n\n\n\n<p>Tout est disponible dans la maison, comme le fauteuil roulant pour la douche, mais aussi un autre fauteuil roulant qui peut \u00eatre utilis\u00e9 \u00e0 l&rsquo;int\u00e9rieur et \u00e0 l&rsquo;ext\u00e9rieur de la maison. Des supports mobiles sur lesquels on peut tirer ou se tenir, et une potence de lit sur laquelle une personne peut se hisser si elle est alit\u00e9e. En r\u00e9sum\u00e9, cette maison de vacances est enti\u00e8rement \u00e9quip\u00e9e, il y en a m\u00eame un d\u00e9ambulateur sur place, il n&rsquo;est donc pas n\u00e9cessaire d&rsquo;en transporter un dans la voiture.<\/p>\n\n\n\n<figure class=\"wp-block-image size-large\"><img loading=\"lazy\" decoding=\"async\" width=\"1024\" height=\"691\" src=\"https:\/\/fr.belvilla.be\/blog\/wp-content\/uploads\/sites\/2\/2022\/06\/BE-4750-41-04-1024x691.jpg\" alt=\"\" class=\"wp-image-138\" srcset=\"https:\/\/fr.belvilla.be\/blog\/wp-content\/uploads\/sites\/2\/2022\/06\/BE-4750-41-04-1024x691.jpg 1024w, https:\/\/fr.belvilla.be\/blog\/wp-content\/uploads\/sites\/2\/2022\/06\/BE-4750-41-04-300x203.jpg 300w, https:\/\/fr.belvilla.be\/blog\/wp-content\/uploads\/sites\/2\/2022\/06\/BE-4750-41-04-768x518.jpg 768w, https:\/\/fr.belvilla.be\/blog\/wp-content\/uploads\/sites\/2\/2022\/06\/BE-4750-41-04-1536x1037.jpg 1536w, https:\/\/fr.belvilla.be\/blog\/wp-content\/uploads\/sites\/2\/2022\/06\/BE-4750-41-04.jpg 1920w\" sizes=\"auto, (max-width: 1024px) 100vw, 1024px\" \/><\/figure>\n\n\n\n<p>En plus d&rsquo;\u00eatre le propri\u00e9taire de cette maison de vacances totalement adapt\u00e9e, Jos est \u00e9galement un ambassadeur de Belvilla. Il aime apporter son aide \u00e0 d&rsquo;autres propri\u00e9taires en leur donnant des conseils financiers. Lorsqu&rsquo;il a sign\u00e9 son contrat avec Belvilla, il a \u00e9t\u00e9 agr\u00e9ablement surpris par la parfaite vision d&rsquo;ensemble et les bons conseils qu&rsquo;il a re\u00e7us de son gestionnaire de compte. En revanche, il lui a manqu\u00e9 les informations techniques de base sur la mani\u00e8re de contracter un pr\u00eat hypoth\u00e9caire \u00e0 l&rsquo;\u00e9tranger, sur les imp\u00f4ts \u00e0 payer en cas de location d&rsquo;une maison de vacances, sur le remboursement des imp\u00f4ts aux Pays-Bas, sur le sort des revenus suppl\u00e9mentaires, sur les permis n\u00e9cessaires en tant que propri\u00e9taire et sur d&rsquo;autres questions toutes aussi importantes. Il a bien \u00e9videmment trouv\u00e9 les r\u00e9ponses \u00e0 ces questions lui-m\u00eame, dans le cadre de son travail, mais il a pens\u00e9 qu&rsquo;il serait utile de le mentionner. Belvilla a alors pris les devants et a demand\u00e9 \u00e0 Jos s&rsquo;il \u00e9tait pr\u00eat \u00e0 fournir ce genre de conseils aux nouveaux propri\u00e9taires, et c&rsquo;est ainsi que Jos est devenu un ambassadeur de Belvilla.<\/p>\n","protected":false},"excerpt":{"rendered":"<p>D\u00e9couvrez Jos H\u00f4te depuis 2015 et fier des r\u00e9compenses qu&rsquo;ils ont remport\u00e9es, lesquelles occupent toutes une place de choix sur&hellip;<\/p>\n","protected":false},"author":9,"featured_media":139,"comment_status":"open","ping_status":"open","sticky":false,"template":"","format":"standard","meta":{"footnotes":""},"categories":[1],"tags":[],"location":[],"class_list":["post-135","post","type-post","status-publish","format-standard","has-post-thumbnail","hentry","category-uncategorized"],"acf":[],"yoast_head":"<!-- This site is optimized with the Yoast SEO plugin v27.4 - https:\/\/yoast.com\/product\/yoast-seo-wordpress\/ -->\n<title>L&#039;histoire unique, racont\u00e9e par le propri\u00e9taire<\/title>\n<meta name=\"description\" content=\"H\u00f4te depuis 2015 et fier des r\u00e9compenses qu&#039;ils ont remport\u00e9es, lesquelles occupent toutes une place de choix sur son mur. Jos et sa femme Elly accueillent chaque client personnellement, certains restant une semaine ou plus tandis que d&#039;autres viennent pour seulement un week-end. Jos et Elly veillent toujours \u00e0 prendre contact personnellement avec chaque invit\u00e9.\" \/>\n<meta name=\"robots\" content=\"index, follow, max-snippet:-1, max-image-preview:large, max-video-preview:-1\" \/>\n<link rel=\"canonical\" href=\"https:\/\/fr.belvilla.be\/blog\/lhistoire-unique-racontee-par-le-proprietaire\/\" \/>\n<meta property=\"og:locale\" content=\"fr_FR\" \/>\n<meta property=\"og:type\" content=\"article\" \/>\n<meta property=\"og:title\" content=\"L&#039;histoire unique, racont\u00e9e par le propri\u00e9taire\" \/>\n<meta property=\"og:description\" content=\"H\u00f4te depuis 2015 et fier des r\u00e9compenses qu&#039;ils ont remport\u00e9es, lesquelles occupent toutes une place de choix sur son mur. Jos et sa femme Elly accueillent chaque client personnellement, certains restant une semaine ou plus tandis que d&#039;autres viennent pour seulement un week-end. Jos et Elly veillent toujours \u00e0 prendre contact personnellement avec chaque invit\u00e9.\" \/>\n<meta property=\"og:url\" content=\"https:\/\/fr.belvilla.be\/blog\/lhistoire-unique-racontee-par-le-proprietaire\/\" \/>\n<meta property=\"og:site_name\" content=\"Belvilla Blog BEFR\" \/>\n<meta property=\"article:published_time\" content=\"2022-06-25T10:10:53+00:00\" \/>\n<meta property=\"article:modified_time\" content=\"2023-08-28T21:36:58+00:00\" \/>\n<meta property=\"og:image\" content=\"https:\/\/fr.belvilla.be\/blog\/wp-content\/uploads\/sites\/2\/2022\/06\/BE-4750-41-07.jpg\" \/>\n\t<meta property=\"og:image:width\" content=\"1920\" \/>\n\t<meta property=\"og:image:height\" content=\"1291\" \/>\n\t<meta property=\"og:image:type\" content=\"image\/jpeg\" \/>\n<meta name=\"author\" content=\"Laxmi Pujari\" \/>\n<meta name=\"twitter:card\" content=\"summary_large_image\" \/>\n<meta name=\"twitter:label1\" content=\"\u00c9crit par\" \/>\n\t<meta name=\"twitter:data1\" content=\"Laxmi Pujari\" \/>\n\t<meta name=\"twitter:label2\" content=\"Dur\u00e9e de lecture est.\" \/>\n\t<meta name=\"twitter:data2\" content=\"5 minutes\" \/>\n<script type=\"application\/ld+json\" class=\"yoast-schema-graph\">{\"@context\":\"https:\\\/\\\/schema.org\",\"@graph\":[{\"@type\":\"Article\",\"@id\":\"https:\\\/\\\/fr.belvilla.be\\\/blog\\\/lhistoire-unique-racontee-par-le-proprietaire\\\/#article\",\"isPartOf\":{\"@id\":\"https:\\\/\\\/fr.belvilla.be\\\/blog\\\/lhistoire-unique-racontee-par-le-proprietaire\\\/\"},\"author\":{\"name\":\"Laxmi Pujari\",\"@id\":\"https:\\\/\\\/fr.belvilla.be\\\/blog\\\/#\\\/schema\\\/person\\\/38dd467234e64254fdad57010404ef35\"},\"headline\":\"L&rsquo;histoire unique, racont\u00e9e par le propri\u00e9taire\",\"datePublished\":\"2022-06-25T10:10:53+00:00\",\"dateModified\":\"2023-08-28T21:36:58+00:00\",\"mainEntityOfPage\":{\"@id\":\"https:\\\/\\\/fr.belvilla.be\\\/blog\\\/lhistoire-unique-racontee-par-le-proprietaire\\\/\"},\"wordCount\":864,\"commentCount\":0,\"image\":{\"@id\":\"https:\\\/\\\/fr.belvilla.be\\\/blog\\\/lhistoire-unique-racontee-par-le-proprietaire\\\/#primaryimage\"},\"thumbnailUrl\":\"https:\\\/\\\/fr.belvilla.be\\\/blog\\\/wp-content\\\/uploads\\\/sites\\\/2\\\/2022\\\/06\\\/BE-4750-41-07.jpg\",\"articleSection\":[\"Uncategorized\"],\"inLanguage\":\"fr-BE\",\"potentialAction\":[{\"@type\":\"CommentAction\",\"name\":\"Comment\",\"target\":[\"https:\\\/\\\/fr.belvilla.be\\\/blog\\\/lhistoire-unique-racontee-par-le-proprietaire\\\/#respond\"]}]},{\"@type\":\"WebPage\",\"@id\":\"https:\\\/\\\/fr.belvilla.be\\\/blog\\\/lhistoire-unique-racontee-par-le-proprietaire\\\/\",\"url\":\"https:\\\/\\\/fr.belvilla.be\\\/blog\\\/lhistoire-unique-racontee-par-le-proprietaire\\\/\",\"name\":\"L'histoire unique, racont\u00e9e par le propri\u00e9taire\",\"isPartOf\":{\"@id\":\"https:\\\/\\\/fr.belvilla.be\\\/blog\\\/#website\"},\"primaryImageOfPage\":{\"@id\":\"https:\\\/\\\/fr.belvilla.be\\\/blog\\\/lhistoire-unique-racontee-par-le-proprietaire\\\/#primaryimage\"},\"image\":{\"@id\":\"https:\\\/\\\/fr.belvilla.be\\\/blog\\\/lhistoire-unique-racontee-par-le-proprietaire\\\/#primaryimage\"},\"thumbnailUrl\":\"https:\\\/\\\/fr.belvilla.be\\\/blog\\\/wp-content\\\/uploads\\\/sites\\\/2\\\/2022\\\/06\\\/BE-4750-41-07.jpg\",\"datePublished\":\"2022-06-25T10:10:53+00:00\",\"dateModified\":\"2023-08-28T21:36:58+00:00\",\"author\":{\"@id\":\"https:\\\/\\\/fr.belvilla.be\\\/blog\\\/#\\\/schema\\\/person\\\/38dd467234e64254fdad57010404ef35\"},\"description\":\"H\u00f4te depuis 2015 et fier des r\u00e9compenses qu'ils ont remport\u00e9es, lesquelles occupent toutes une place de choix sur son mur. Jos et sa femme Elly accueillent chaque client personnellement, certains restant une semaine ou plus tandis que d'autres viennent pour seulement un week-end. Jos et Elly veillent toujours \u00e0 prendre contact personnellement avec chaque invit\u00e9.\",\"breadcrumb\":{\"@id\":\"https:\\\/\\\/fr.belvilla.be\\\/blog\\\/lhistoire-unique-racontee-par-le-proprietaire\\\/#breadcrumb\"},\"inLanguage\":\"fr-BE\",\"potentialAction\":[{\"@type\":\"ReadAction\",\"target\":[\"https:\\\/\\\/fr.belvilla.be\\\/blog\\\/lhistoire-unique-racontee-par-le-proprietaire\\\/\"]}]},{\"@type\":\"ImageObject\",\"inLanguage\":\"fr-BE\",\"@id\":\"https:\\\/\\\/fr.belvilla.be\\\/blog\\\/lhistoire-unique-racontee-par-le-proprietaire\\\/#primaryimage\",\"url\":\"https:\\\/\\\/fr.belvilla.be\\\/blog\\\/wp-content\\\/uploads\\\/sites\\\/2\\\/2022\\\/06\\\/BE-4750-41-07.jpg\",\"contentUrl\":\"https:\\\/\\\/fr.belvilla.be\\\/blog\\\/wp-content\\\/uploads\\\/sites\\\/2\\\/2022\\\/06\\\/BE-4750-41-07.jpg\",\"width\":1920,\"height\":1291},{\"@type\":\"BreadcrumbList\",\"@id\":\"https:\\\/\\\/fr.belvilla.be\\\/blog\\\/lhistoire-unique-racontee-par-le-proprietaire\\\/#breadcrumb\",\"itemListElement\":[{\"@type\":\"ListItem\",\"position\":1,\"name\":\"Home\",\"item\":\"https:\\\/\\\/fr.belvilla.be\\\/blog\\\/\"},{\"@type\":\"ListItem\",\"position\":2,\"name\":\"L&rsquo;histoire unique, racont\u00e9e par le propri\u00e9taire\"}]},{\"@type\":\"WebSite\",\"@id\":\"https:\\\/\\\/fr.belvilla.be\\\/blog\\\/#website\",\"url\":\"https:\\\/\\\/fr.belvilla.be\\\/blog\\\/\",\"name\":\"Belvilla Blog BEFR\",\"description\":\"\",\"potentialAction\":[{\"@type\":\"SearchAction\",\"target\":{\"@type\":\"EntryPoint\",\"urlTemplate\":\"https:\\\/\\\/fr.belvilla.be\\\/blog\\\/?s={search_term_string}\"},\"query-input\":{\"@type\":\"PropertyValueSpecification\",\"valueRequired\":true,\"valueName\":\"search_term_string\"}}],\"inLanguage\":\"fr-BE\"},{\"@type\":\"Person\",\"@id\":\"https:\\\/\\\/fr.belvilla.be\\\/blog\\\/#\\\/schema\\\/person\\\/38dd467234e64254fdad57010404ef35\",\"name\":\"Laxmi Pujari\",\"image\":{\"@type\":\"ImageObject\",\"inLanguage\":\"fr-BE\",\"@id\":\"https:\\\/\\\/secure.gravatar.com\\\/avatar\\\/41a4d7e7236c379a31d6df59d9ae82678e141eb96c9437e6158cc1c26806cd52?s=96&d=mm&r=g\",\"url\":\"https:\\\/\\\/secure.gravatar.com\\\/avatar\\\/41a4d7e7236c379a31d6df59d9ae82678e141eb96c9437e6158cc1c26806cd52?s=96&d=mm&r=g\",\"contentUrl\":\"https:\\\/\\\/secure.gravatar.com\\\/avatar\\\/41a4d7e7236c379a31d6df59d9ae82678e141eb96c9437e6158cc1c26806cd52?s=96&d=mm&r=g\",\"caption\":\"Laxmi Pujari\"}}]}<\/script>\n<!-- \/ Yoast SEO plugin. -->","yoast_head_json":{"title":"L'histoire unique, racont\u00e9e par le propri\u00e9taire","description":"H\u00f4te depuis 2015 et fier des r\u00e9compenses qu'ils ont remport\u00e9es, lesquelles occupent toutes une place de choix sur son mur. Jos et sa femme Elly accueillent chaque client personnellement, certains restant une semaine ou plus tandis que d'autres viennent pour seulement un week-end. Jos et Elly veillent toujours \u00e0 prendre contact personnellement avec chaque invit\u00e9.","robots":{"index":"index","follow":"follow","max-snippet":"max-snippet:-1","max-image-preview":"max-image-preview:large","max-video-preview":"max-video-preview:-1"},"canonical":"https:\/\/fr.belvilla.be\/blog\/lhistoire-unique-racontee-par-le-proprietaire\/","og_locale":"fr_FR","og_type":"article","og_title":"L'histoire unique, racont\u00e9e par le propri\u00e9taire","og_description":"H\u00f4te depuis 2015 et fier des r\u00e9compenses qu'ils ont remport\u00e9es, lesquelles occupent toutes une place de choix sur son mur. Jos et sa femme Elly accueillent chaque client personnellement, certains restant une semaine ou plus tandis que d'autres viennent pour seulement un week-end. Jos et Elly veillent toujours \u00e0 prendre contact personnellement avec chaque invit\u00e9.","og_url":"https:\/\/fr.belvilla.be\/blog\/lhistoire-unique-racontee-par-le-proprietaire\/","og_site_name":"Belvilla Blog BEFR","article_published_time":"2022-06-25T10:10:53+00:00","article_modified_time":"2023-08-28T21:36:58+00:00","og_image":[{"width":1920,"height":1291,"url":"https:\/\/fr.belvilla.be\/blog\/wp-content\/uploads\/sites\/2\/2022\/06\/BE-4750-41-07.jpg","type":"image\/jpeg"}],"author":"Laxmi Pujari","twitter_card":"summary_large_image","twitter_misc":{"\u00c9crit par":"Laxmi Pujari","Dur\u00e9e de lecture est.":"5 minutes"},"schema":{"@context":"https:\/\/schema.org","@graph":[{"@type":"Article","@id":"https:\/\/fr.belvilla.be\/blog\/lhistoire-unique-racontee-par-le-proprietaire\/#article","isPartOf":{"@id":"https:\/\/fr.belvilla.be\/blog\/lhistoire-unique-racontee-par-le-proprietaire\/"},"author":{"name":"Laxmi Pujari","@id":"https:\/\/fr.belvilla.be\/blog\/#\/schema\/person\/38dd467234e64254fdad57010404ef35"},"headline":"L&rsquo;histoire unique, racont\u00e9e par le propri\u00e9taire","datePublished":"2022-06-25T10:10:53+00:00","dateModified":"2023-08-28T21:36:58+00:00","mainEntityOfPage":{"@id":"https:\/\/fr.belvilla.be\/blog\/lhistoire-unique-racontee-par-le-proprietaire\/"},"wordCount":864,"commentCount":0,"image":{"@id":"https:\/\/fr.belvilla.be\/blog\/lhistoire-unique-racontee-par-le-proprietaire\/#primaryimage"},"thumbnailUrl":"https:\/\/fr.belvilla.be\/blog\/wp-content\/uploads\/sites\/2\/2022\/06\/BE-4750-41-07.jpg","articleSection":["Uncategorized"],"inLanguage":"fr-BE","potentialAction":[{"@type":"CommentAction","name":"Comment","target":["https:\/\/fr.belvilla.be\/blog\/lhistoire-unique-racontee-par-le-proprietaire\/#respond"]}]},{"@type":"WebPage","@id":"https:\/\/fr.belvilla.be\/blog\/lhistoire-unique-racontee-par-le-proprietaire\/","url":"https:\/\/fr.belvilla.be\/blog\/lhistoire-unique-racontee-par-le-proprietaire\/","name":"L'histoire unique, racont\u00e9e par le propri\u00e9taire","isPartOf":{"@id":"https:\/\/fr.belvilla.be\/blog\/#website"},"primaryImageOfPage":{"@id":"https:\/\/fr.belvilla.be\/blog\/lhistoire-unique-racontee-par-le-proprietaire\/#primaryimage"},"image":{"@id":"https:\/\/fr.belvilla.be\/blog\/lhistoire-unique-racontee-par-le-proprietaire\/#primaryimage"},"thumbnailUrl":"https:\/\/fr.belvilla.be\/blog\/wp-content\/uploads\/sites\/2\/2022\/06\/BE-4750-41-07.jpg","datePublished":"2022-06-25T10:10:53+00:00","dateModified":"2023-08-28T21:36:58+00:00","author":{"@id":"https:\/\/fr.belvilla.be\/blog\/#\/schema\/person\/38dd467234e64254fdad57010404ef35"},"description":"H\u00f4te depuis 2015 et fier des r\u00e9compenses qu'ils ont remport\u00e9es, lesquelles occupent toutes une place de choix sur son mur. Jos et sa femme Elly accueillent chaque client personnellement, certains restant une semaine ou plus tandis que d'autres viennent pour seulement un week-end. Jos et Elly veillent toujours \u00e0 prendre contact personnellement avec chaque invit\u00e9.","breadcrumb":{"@id":"https:\/\/fr.belvilla.be\/blog\/lhistoire-unique-racontee-par-le-proprietaire\/#breadcrumb"},"inLanguage":"fr-BE","potentialAction":[{"@type":"ReadAction","target":["https:\/\/fr.belvilla.be\/blog\/lhistoire-unique-racontee-par-le-proprietaire\/"]}]},{"@type":"ImageObject","inLanguage":"fr-BE","@id":"https:\/\/fr.belvilla.be\/blog\/lhistoire-unique-racontee-par-le-proprietaire\/#primaryimage","url":"https:\/\/fr.belvilla.be\/blog\/wp-content\/uploads\/sites\/2\/2022\/06\/BE-4750-41-07.jpg","contentUrl":"https:\/\/fr.belvilla.be\/blog\/wp-content\/uploads\/sites\/2\/2022\/06\/BE-4750-41-07.jpg","width":1920,"height":1291},{"@type":"BreadcrumbList","@id":"https:\/\/fr.belvilla.be\/blog\/lhistoire-unique-racontee-par-le-proprietaire\/#breadcrumb","itemListElement":[{"@type":"ListItem","position":1,"name":"Home","item":"https:\/\/fr.belvilla.be\/blog\/"},{"@type":"ListItem","position":2,"name":"L&rsquo;histoire unique, racont\u00e9e par le propri\u00e9taire"}]},{"@type":"WebSite","@id":"https:\/\/fr.belvilla.be\/blog\/#website","url":"https:\/\/fr.belvilla.be\/blog\/","name":"Belvilla Blog BEFR","description":"","potentialAction":[{"@type":"SearchAction","target":{"@type":"EntryPoint","urlTemplate":"https:\/\/fr.belvilla.be\/blog\/?s={search_term_string}"},"query-input":{"@type":"PropertyValueSpecification","valueRequired":true,"valueName":"search_term_string"}}],"inLanguage":"fr-BE"},{"@type":"Person","@id":"https:\/\/fr.belvilla.be\/blog\/#\/schema\/person\/38dd467234e64254fdad57010404ef35","name":"Laxmi Pujari","image":{"@type":"ImageObject","inLanguage":"fr-BE","@id":"https:\/\/secure.gravatar.com\/avatar\/41a4d7e7236c379a31d6df59d9ae82678e141eb96c9437e6158cc1c26806cd52?s=96&d=mm&r=g","url":"https:\/\/secure.gravatar.com\/avatar\/41a4d7e7236c379a31d6df59d9ae82678e141eb96c9437e6158cc1c26806cd52?s=96&d=mm&r=g","contentUrl":"https:\/\/secure.gravatar.com\/avatar\/41a4d7e7236c379a31d6df59d9ae82678e141eb96c9437e6158cc1c26806cd52?s=96&d=mm&r=g","caption":"Laxmi Pujari"}}]}},"_links":{"self":[{"href":"https:\/\/fr.belvilla.be\/blog\/wp-json\/wp\/v2\/posts\/135","targetHints":{"allow":["GET"]}}],"collection":[{"href":"https:\/\/fr.belvilla.be\/blog\/wp-json\/wp\/v2\/posts"}],"about":[{"href":"https:\/\/fr.belvilla.be\/blog\/wp-json\/wp\/v2\/types\/post"}],"author":[{"embeddable":true,"href":"https:\/\/fr.belvilla.be\/blog\/wp-json\/wp\/v2\/users\/9"}],"replies":[{"embeddable":true,"href":"https:\/\/fr.belvilla.be\/blog\/wp-json\/wp\/v2\/comments?post=135"}],"version-history":[{"count":12,"href":"https:\/\/fr.belvilla.be\/blog\/wp-json\/wp\/v2\/posts\/135\/revisions"}],"predecessor-version":[{"id":612,"href":"https:\/\/fr.belvilla.be\/blog\/wp-json\/wp\/v2\/posts\/135\/revisions\/612"}],"wp:featuredmedia":[{"embeddable":true,"href":"https:\/\/fr.belvilla.be\/blog\/wp-json\/wp\/v2\/media\/139"}],"wp:attachment":[{"href":"https:\/\/fr.belvilla.be\/blog\/wp-json\/wp\/v2\/media?parent=135"}],"wp:term":[{"taxonomy":"category","embeddable":true,"href":"https:\/\/fr.belvilla.be\/blog\/wp-json\/wp\/v2\/categories?post=135"},{"taxonomy":"post_tag","embeddable":true,"href":"https:\/\/fr.belvilla.be\/blog\/wp-json\/wp\/v2\/tags?post=135"},{"taxonomy":"location","embeddable":true,"href":"https:\/\/fr.belvilla.be\/blog\/wp-json\/wp\/v2\/location?post=135"}],"curies":[{"name":"wp","href":"https:\/\/api.w.org\/{rel}","templated":true}]}}